{"id":1156,"date":"2017-01-06T12:00:53","date_gmt":"2017-01-06T11:00:53","guid":{"rendered":"https:\/\/emr-sb.de\/?p=1156"},"modified":"2017-10-13T12:23:15","modified_gmt":"2017-10-13T10:23:15","slug":"praesentationen-der-annual-conference-on-european-media-law-2016-jetzt-online-erhaeltlich","status":"publish","type":"post","link":"https:\/\/emr-sb.de\/fr\/praesentationen-der-annual-conference-on-european-media-law-2016-jetzt-online-erhaeltlich\/","title":{"rendered":"Pr\u00e4sentationen der \u201cAnnual Conference on European Media Law 2016\u201d jetzt online erh\u00e4ltlich"},"content":{"rendered":"<p><img loading=\"lazy\" decoding=\"async\" class=\"alignright wp-image-1158\" src=\"https:\/\/emr-sb.de\/wp-content\/uploads\/2017\/01\/20170106_Logo-ERA-TRIER.gif\" width=\"183\" height=\"150\" \/><\/p>\n<p><img loading=\"lazy\" decoding=\"async\" class=\"alignnone wp-image-368\" src=\"https:\/\/emr-sb.de\/wp-content\/uploads\/2016\/11\/EMR-LogoInstitut-2016_transp-300x300.png\" width=\"150\" height=\"150\" srcset=\"https:\/\/emr-sb.de\/wp-content\/uploads\/2016\/11\/EMR-LogoInstitut-2016_transp-300x300.png 300w, https:\/\/emr-sb.de\/wp-content\/uploads\/2016\/11\/EMR-LogoInstitut-2016_transp-150x150.png 150w, https:\/\/emr-sb.de\/wp-content\/uploads\/2016\/11\/EMR-LogoInstitut-2016_transp-50x50.png 50w, https:\/\/emr-sb.de\/wp-content\/uploads\/2016\/11\/EMR-LogoInstitut-2016_transp-45x45.png 45w, https:\/\/emr-sb.de\/wp-content\/uploads\/2016\/11\/EMR-LogoInstitut-2016_transp.png 650w\" sizes=\"(max-width: 150px) 100vw, 150px\" \/><\/p>\n<p>&nbsp;<\/p>\n<p style=\"text-align: justify;\">Pr\u00e4sentationen zu verschiedenen Themen der &#8220;Annual Conference on European Media Law 2016&#8221;, die von der Europ\u00e4ischen Rechtsakademie (ERA) Trier gemeinsam mit dem Institut f\u00fcr Europ\u00e4isches Medienrecht e. V. (EMR) am 2. und 3. Juni 2016 in Br\u00fcssel, Belgien veranstaltet wurde, sind jetzt als &#8220;e-Learning&#8221;-Elemente mit Video frei verf\u00fcgbar.<\/p>\n<p>&nbsp;<\/p>\n<p>Sie k\u00f6nnen auf der Webseite der ERA unter nachfolgendem Link abgerufen werden:<\/p>\n<p>&nbsp;<\/p>\n<p><a href=\"http:\/\/www.era-comm.eu\/elearning\/medialaw.html\">http:\/\/www.era-comm.eu\/elearning\/medialaw.html<\/a><\/p>\n<p>&nbsp;<\/p>\n<p style=\"text-align: justify;\">Angeboten werden,<\/p>\n<p style=\"text-align: justify;\">neben der Pr\u00e4sentation des Wissenschaftlichen Direktors des EMR, Prof. Mark D. Cole,<\/p>\n<p style=\"text-align: justify;\">mit dem Titel:<br \/>\n &#8220;Recent and Pending Cases from the CJEU and ECtHR Relevant for the Media Sector (2013-2016)&#8221;, <br \/>\n welche einen \u00dcberblick zu der Rechtsprechung des \u00a0EuGH\/ EGMR, insbesondere zu den Urteilen mit Medienbezug bietet,<\/p>\n<p>&nbsp;<\/p>\n<p style=\"text-align: justify;\">die folgenden Beitr\u00e4ge:<\/p>\n<p style=\"text-align: justify;\">\u00a0<\/p>\n<p style=\"text-align: justify;\">\u201cThe Protection of Minors and the (Future) AVMSD\u201d <br \/>\n von Prof. Eva Lievens<\/p>\n<p style=\"text-align: justify;\">\u00a0<\/p>\n<p style=\"text-align: justify;\">\u201cThe Audiovisual Media Services Directive under Review: Focus on Commercial Communication\u201d <br \/>\n von Emilie Anthonis<\/p>\n<p style=\"text-align: justify;\">\u00a0<\/p>\n<p style=\"text-align: justify;\">\u201cGeo-blocking: How to Facilitate the Cross-border Reach of Audiovisual Services\u201d <br \/>\n von Victoria Gaskell<\/p>\n<p style=\"text-align: justify;\">\u00a0<\/p>\n<p style=\"text-align: justify;\">\u201cEU Data Protection Rules faced with Media and Technological Convergence\u201d <br \/>\n von Prof. Patrick van Eecke<\/p>\n<p style=\"text-align: justify;\">\u00a0<\/p>\n<p style=\"text-align: justify;\">Auch in diesem Jahr wird es wieder eine Jahrestagung zum europ\u00e4ischen Medienrecht in Zusammenarbeit mit der ERA Trier geben.<\/p>\n<p style=\"text-align: justify;\">\u00a0<\/p>\n<p style=\"text-align: justify;\">Diese, sogenannte \u201cAnnual Conference on European Media Law 2017\u201d, wird am 8. und 9. Juni 2017 in Br\u00fcssel, Belgien stattfinden.<\/p>\n<p style=\"text-align: justify;\">\u00a0<\/p>\n<p style=\"text-align: justify;\">N\u00e4here Informationen zu der Veranstaltung auf der Webseite des EMR unter \u201eTop News\u201c:<\/p>\n<p style=\"text-align: justify;\">\u00a0<\/p>\n<p style=\"text-align: justify;\"><a href=\"https:\/\/www.emr-sb.de\/\">https:\/\/www.emr-sb.de\/\u00a0<\/a><\/p>\n<p style=\"text-align: justify;\">\u00a0<\/p>\n<p style=\"text-align: justify;\">sowie auf der Webseite der ERA Trier unter:<\/p>\n<p style=\"text-align: justify;\">\u00a0<\/p>\n<p style=\"text-align: justify;\"><a href=\"%20https:\/\/www.era.int\/cgi-bin\/cms?_SID=18b5218bae1217bca797dc015029c9b5b6eb6a7900520758298541&amp;_sprache=de&amp;_bereich=artikel&amp;_aktion=detail&amp;idartikel=126538\">https:\/\/www.era.int\/cgi-bin\/cms?_SID=18b5218bae1217bca797dc015029c9b5b6eb6a7900520758298541&amp;_sprache=de&amp;_bereich=artikel&amp;_aktion=detail&amp;idartikel=126538<\/a><\/p>\n<p>&nbsp;<\/p>\n","protected":false},"excerpt":{"rendered":"<p>&nbsp; Pr\u00e4sentationen zu verschiedenen Themen der &#8220;Annual Conference on European Media Law 2016&#8221;, die von der Europ\u00e4ischen Rechtsakademie (ERA) Trier gemeinsam mit dem Institut f\u00fcr Europ\u00e4isches Medienrecht e. V. (EMR) am 2. und 3. Juni 2016 in Br\u00fcssel, Belgien veranstaltet wurde, sind jetzt als &#8220;e-Learning&#8221;-Elemente mit Video frei verf\u00fcgbar. &nbsp; Sie k\u00f6nnen auf der Webseite [&hellip;]<\/p>\n","protected":false},"author":2,"featured_media":1158,"comment_status":"closed","ping_status":"open","sticky":false,"template":"","format":"standard","meta":{"_et_pb_use_builder":"","_et_pb_old_content":"","_et_gb_content_width":"","footnotes":""},"categories":[3,1,24,28,220],"tags":[],"class_list":["post-1156","post","type-post","status-publish","format-standard","has-post-thumbnail","hentry","category-aktuelle-meldung","category-aktuelles","category-av-mediendienste","category-e-commerce","category-rundfunkrecht","et-has-post-format-content","et_post_format-et-post-format-standard"],"translation":{"provider":"WPGlobus","version":"3.0.2","language":"fr","enabled_languages":["de","fr","gb"],"languages":{"de":{"title":true,"content":true,"excerpt":false},"fr":{"title":false,"content":false,"excerpt":false},"gb":{"title":false,"content":false,"excerpt":false}}},"_links":{"self":[{"href":"https:\/\/emr-sb.de\/fr\/wp-json\/wp\/v2\/posts\/1156","targetHints":{"allow":["GET"]}}],"collection":[{"href":"https:\/\/emr-sb.de\/fr\/wp-json\/wp\/v2\/posts"}],"about":[{"href":"https:\/\/emr-sb.de\/fr\/wp-json\/wp\/v2\/types\/post"}],"author":[{"embeddable":true,"href":"https:\/\/emr-sb.de\/fr\/wp-json\/wp\/v2\/users\/2"}],"replies":[{"embeddable":true,"href":"https:\/\/emr-sb.de\/fr\/wp-json\/wp\/v2\/comments?post=1156"}],"version-history":[{"count":6,"href":"https:\/\/emr-sb.de\/fr\/wp-json\/wp\/v2\/posts\/1156\/revisions"}],"predecessor-version":[{"id":1166,"href":"https:\/\/emr-sb.de\/fr\/wp-json\/wp\/v2\/posts\/1156\/revisions\/1166"}],"wp:featuredmedia":[{"embeddable":true,"href":"https:\/\/emr-sb.de\/fr\/wp-json\/wp\/v2\/media\/1158"}],"wp:attachment":[{"href":"https:\/\/emr-sb.de\/fr\/wp-json\/wp\/v2\/media?parent=1156"}],"wp:term":[{"taxonomy":"category","embeddable":true,"href":"https:\/\/emr-sb.de\/fr\/wp-json\/wp\/v2\/categories?post=1156"},{"taxonomy":"post_tag","embeddable":true,"href":"https:\/\/emr-sb.de\/fr\/wp-json\/wp\/v2\/tags?post=1156"}],"curies":[{"name":"wp","href":"https:\/\/api.w.org\/{rel}","templated":true}]}}