{"id":1501,"date":"2017-01-12T15:23:27","date_gmt":"2017-01-12T14:23:27","guid":{"rendered":"https:\/\/emr-sb.de\/?p=1501"},"modified":"2017-10-13T12:20:45","modified_gmt":"2017-10-13T10:20:45","slug":"transparenzverordnung-fuer-den-telekommunikationsbereich-bundesnetzagentur-legt-erste-entwuerfe-fuer-muster-produktinformationsblaetter-vor","status":"publish","type":"post","link":"https:\/\/emr-sb.de\/fr\/transparenzverordnung-fuer-den-telekommunikationsbereich-bundesnetzagentur-legt-erste-entwuerfe-fuer-muster-produktinformationsblaetter-vor\/","title":{"rendered":"Transparenzverordnung f\u00fcr den Telekommunikationsbereich: Bundesnetzagentur legt erste Entw\u00fcrfe f\u00fcr  Muster-Produktinformationsbl\u00e4tter vor"},"content":{"rendered":"<p style=\"text-align: justify;\">Im Dezember 2016 wurde die Transparenzverordnung f\u00fcr den Telekommunikationsbereich (TK-Transparenzverordnung) erlassen. \u00a0\u00a0\u00a0<\/p>\n<p style=\"text-align: justify;\">Diese hat das Ziel, \u00a0Endnutzern bessere Informationsrechte gegen\u00fcber ihren Festnetz- und Mobilfunkanbietern zu gew\u00e4hren. \u00a0\u00a0\u00a0<\/p>\n<p style=\"text-align: justify;\">Das bedeutet, der Kunde soll verbindliche Informationen zu seiner Daten\u00fcbertragungsrate, den Vertragslaufzeiten, Preisen und dem Datenvolumen bekommen. \u00a0\u00a0\u00a0<\/p>\n<p style=\"text-align: justify;\">Die Verordnung \u00a0wird \u00a0am 01. Juni 2017 in Kraft treten.\u00a0\u00a0\u00a0<\/p>\n<p style=\"text-align: justify;\">Die Bundesnetzagentur hat nun Informationsbl\u00e4tter f\u00fcr die verschiedenen Vertragstypen entwickelt und\u00a0 die Entw\u00fcrfe ver\u00f6ffentlicht. \u00a0<\/p>\n<p style=\"text-align: justify;\">Die \u00d6ffentlichkeit, in diesem Fall aber anscheinend nicht nur die Fach\u00f6ffentlichkeit sondern auch Verbraucher, hat jetzt die M\u00f6glichkeit bis zum 6. Februar 2017\u00a0 zu diesen Muster-Produktinformationsbl\u00e4ttern Stellung zu nehmen.\u00a0\u00a0\u00a0\u00a0<\/p>\n<p style=\"text-align: justify;\"><em>Interessierte finden weitere Informationen dazu sowie die entsprechenden Dokumente\u00a0 auf der <a href=\"https:\/\/www.bundesnetzagentur.de\/DE\/Sachgebiete\/Telekommunikation\/Verbraucher\/Vertragsfragen\/Transparenz\/Transparenz-node.html\">Webseite der Bundesnetzagentur<\/a><\/em>.\u00a0\u00a0<\/p>\n","protected":false},"excerpt":{"rendered":"<p>Im Dezember 2016 wurde die Transparenzverordnung f\u00fcr den Telekommunikationsbereich (TK-Transparenzverordnung) erlassen. \u00a0\u00a0\u00a0 Diese hat das Ziel, \u00a0Endnutzern bessere Informationsrechte gegen\u00fcber ihren Festnetz- und Mobilfunkanbietern zu gew\u00e4hren. \u00a0\u00a0\u00a0 Das bedeutet, der Kunde soll verbindliche Informationen zu seiner Daten\u00fcbertragungsrate, den Vertragslaufzeiten, Preisen und dem Datenvolumen bekommen. \u00a0\u00a0\u00a0 Die Verordnung \u00a0wird \u00a0am 01. Juni 2017 in Kraft treten.\u00a0\u00a0\u00a0 [&hellip;]<\/p>\n","protected":false},"author":1,"featured_media":0,"comment_status":"closed","ping_status":"open","sticky":false,"template":"","format":"standard","meta":{"_et_pb_use_builder":"","_et_pb_old_content":"","_et_gb_content_width":"","footnotes":""},"categories":[224,1,27],"tags":[],"class_list":["post-1501","post","type-post","status-publish","format-standard","hentry","category-nachrichten","category-aktuelles","category-telekommunikation","et-doesnt-have-format-content","et_post_format-et-post-format-standard"],"translation":{"provider":"WPGlobus","version":"3.0.2","language":"fr","enabled_languages":["de","fr","gb"],"languages":{"de":{"title":true,"content":true,"excerpt":false},"fr":{"title":false,"content":false,"excerpt":false},"gb":{"title":false,"content":false,"excerpt":false}}},"_links":{"self":[{"href":"https:\/\/emr-sb.de\/fr\/wp-json\/wp\/v2\/posts\/1501","targetHints":{"allow":["GET"]}}],"collection":[{"href":"https:\/\/emr-sb.de\/fr\/wp-json\/wp\/v2\/posts"}],"about":[{"href":"https:\/\/emr-sb.de\/fr\/wp-json\/wp\/v2\/types\/post"}],"author":[{"embeddable":true,"href":"https:\/\/emr-sb.de\/fr\/wp-json\/wp\/v2\/users\/1"}],"replies":[{"embeddable":true,"href":"https:\/\/emr-sb.de\/fr\/wp-json\/wp\/v2\/comments?post=1501"}],"version-history":[{"count":10,"href":"https:\/\/emr-sb.de\/fr\/wp-json\/wp\/v2\/posts\/1501\/revisions"}],"predecessor-version":[{"id":2641,"href":"https:\/\/emr-sb.de\/fr\/wp-json\/wp\/v2\/posts\/1501\/revisions\/2641"}],"wp:attachment":[{"href":"https:\/\/emr-sb.de\/fr\/wp-json\/wp\/v2\/media?parent=1501"}],"wp:term":[{"taxonomy":"category","embeddable":true,"href":"https:\/\/emr-sb.de\/fr\/wp-json\/wp\/v2\/categories?post=1501"},{"taxonomy":"post_tag","embeddable":true,"href":"https:\/\/emr-sb.de\/fr\/wp-json\/wp\/v2\/tags?post=1501"}],"curies":[{"name":"wp","href":"https:\/\/api.w.org\/{rel}","templated":true}]}}