{"id":2173,"date":"2017-01-18T00:00:28","date_gmt":"2017-01-17T23:00:28","guid":{"rendered":"https:\/\/emr-sb.de\/?p=2173"},"modified":"2017-10-13T12:20:23","modified_gmt":"2017-10-13T10:20:23","slug":"bgh-presse-muss-nicht-zu-therapien-fuer-michael-schumacher-schweigen","status":"publish","type":"post","link":"https:\/\/emr-sb.de\/fr\/bgh-presse-muss-nicht-zu-therapien-fuer-michael-schumacher-schweigen\/","title":{"rendered":"BGH: &#8220;Presse muss nicht zu Therapien f\u00fcr Michael Schumacher schweigen&#8221;"},"content":{"rendered":"<p>Mit am 18.01.2017 ver\u00f6ffentlichten Urteil hat der BGH entschieden, dass die Presse \u00fcber medizinische Ma\u00dfnahmen nach dem Ski-Unfall des fr\u00fcheren Formel-1-Weltmeisters Michael Schumacher berichten darf. Die Medien d\u00fcrfen diese auch sachlich kommentieren (BGH, Urt. v. 29.11.2016, Az.: VI ZR 382\/15).<\/p>\n<p>Immer wieder berichten die Medien \u00fcber den Ski-Unfall und die medizinische Behandlung Michael Schumachers. Nach dem Unfall ist Michael Schumacher zeitweise ins Koma gefallen, wie sowohl von seinen \u00c4rzten als auch seiner Managerin berichtet wurde. Die Zeitschrift \u201eSuper Illu\u201c ver\u00f6ffentlichte daraufhin einen Bericht \u00fcber den Gesundheitszustand des ehemaligen Formel-1-Rennfahrers, der m\u00f6gliche Behandlungsformen von Koma-Patienten darstellte. Dar\u00fcber hinaus hie\u00df es in dem Beitrag:: &#8220;Berichte, dass Schumacher \u00fcber die Augen mit seiner Frau kommuniziert und Stimmen h\u00f6rt, wurden bislang nicht best\u00e4tigt&#8221;. Der Rennfahrer m\u00fcsse aber neu Schlucken, Laufen und Sprechen lernen.<\/p>\n<p>Aufgrund dieser Berichterstattung erhob Schumacher Klage auf Unterlassung, er sah sich durch den Bericht in seinem allgemeinen Pers\u00f6nlichkeit verletzt. Das OLG K\u00f6ln gab der Klage statt.<\/p>\n<p>Der BGH entschied nun, dass konkrete Angaben \u00fcber den Gesundheitszustand nicht h\u00e4tten ver\u00f6ffentlicht werden d\u00fcrfen. Sowohl die Aussage \u00fcber die Kommunikation zwischen Schumacher und seiner Frau, sowie dass er alles neu lernen m\u00fcsse, stellten eine unzul\u00e4ssige Pers\u00f6nlichkeitsrechtsverletzung dar. Allerdings sei der Bericht, soweit er \u00fcber die m\u00f6gliche Behandlung von Koma-Patienten spricht, zul\u00e4ssig gewesen, da sich die diesbez\u00fcglichen Angaben auf Aussagen von Schumachers \u00c4rzten und seiner Managerin bezogen. In ihrer Berichterstattung zu Prominenten d\u00fcrfe sich die Presse nicht nur auf pressem\u00e4\u00dfige Verlautbarungen berufen, sie d\u00fcrfe diese auch kommentieren. Insoweit \u00fcberwiege das Informationsinteresse der \u00d6ffentlichkeit vor dem Schutz des Pers\u00f6nlichkeitsrechts.<\/p>\n","protected":false},"excerpt":{"rendered":"<p>Mit am 18.01.2017 ver\u00f6ffentlichten Urteil hat der BGH entschieden, dass die Presse \u00fcber medizinische Ma\u00dfnahmen nach dem Ski-Unfall des fr\u00fcheren Formel-1-Weltmeisters Michael Schumacher berichten darf. Die Medien d\u00fcrfen diese auch sachlich kommentieren (BGH, Urt. v. 29.11.2016, Az.: VI ZR 382\/15). Immer wieder berichten die Medien \u00fcber den Ski-Unfall und die medizinische Behandlung Michael Schumachers. Nach [&hellip;]<\/p>\n","protected":false},"author":3,"featured_media":0,"comment_status":"closed","ping_status":"open","sticky":false,"template":"","format":"standard","meta":{"_et_pb_use_builder":"","_et_pb_old_content":"","_et_gb_content_width":"","footnotes":""},"categories":[224,3,23,218],"tags":[],"class_list":["post-2173","post","type-post","status-publish","format-standard","hentry","category-nachrichten","category-aktuelle-meldung","category-datenschutz","category-presserecht","et-doesnt-have-format-content","et_post_format-et-post-format-standard"],"translation":{"provider":"WPGlobus","version":"3.0.2","language":"fr","enabled_languages":["de","fr","gb"],"languages":{"de":{"title":true,"content":true,"excerpt":false},"fr":{"title":false,"content":false,"excerpt":false},"gb":{"title":false,"content":false,"excerpt":false}}},"_links":{"self":[{"href":"https:\/\/emr-sb.de\/fr\/wp-json\/wp\/v2\/posts\/2173","targetHints":{"allow":["GET"]}}],"collection":[{"href":"https:\/\/emr-sb.de\/fr\/wp-json\/wp\/v2\/posts"}],"about":[{"href":"https:\/\/emr-sb.de\/fr\/wp-json\/wp\/v2\/types\/post"}],"author":[{"embeddable":true,"href":"https:\/\/emr-sb.de\/fr\/wp-json\/wp\/v2\/users\/3"}],"replies":[{"embeddable":true,"href":"https:\/\/emr-sb.de\/fr\/wp-json\/wp\/v2\/comments?post=2173"}],"version-history":[{"count":4,"href":"https:\/\/emr-sb.de\/fr\/wp-json\/wp\/v2\/posts\/2173\/revisions"}],"predecessor-version":[{"id":2176,"href":"https:\/\/emr-sb.de\/fr\/wp-json\/wp\/v2\/posts\/2173\/revisions\/2176"}],"wp:attachment":[{"href":"https:\/\/emr-sb.de\/fr\/wp-json\/wp\/v2\/media?parent=2173"}],"wp:term":[{"taxonomy":"category","embeddable":true,"href":"https:\/\/emr-sb.de\/fr\/wp-json\/wp\/v2\/categories?post=2173"},{"taxonomy":"post_tag","embeddable":true,"href":"https:\/\/emr-sb.de\/fr\/wp-json\/wp\/v2\/tags?post=2173"}],"curies":[{"name":"wp","href":"https:\/\/api.w.org\/{rel}","templated":true}]}}