{"id":2673,"date":"2017-06-30T13:59:24","date_gmt":"2017-06-30T11:59:24","guid":{"rendered":"https:\/\/emr-sb.de\/?p=2673"},"modified":"2017-11-03T14:15:54","modified_gmt":"2017-11-03T13:15:54","slug":"bundestag-beschliesst-neues-urhwissg","status":"publish","type":"post","link":"https:\/\/emr-sb.de\/fr\/bundestag-beschliesst-neues-urhwissg\/","title":{"rendered":"Bundestag beschlie\u00dft neues UrhWissG"},"content":{"rendered":"<p>Am 30. Juni 2017 hat der <a title=\"Entwurf der Bundesregierung f\u00fcr ein UrhWissG\" href=\"http:\/\/www.bundestag.de\/#url=L2Rva3VtZW50ZS90ZXh0YXJjaGl2LzIwMTcva3cyNi1kZS11cmhlYmVycmVjaHRzLXdpc3NlbnNjaGFmdHNnZXNlbGxzY2hhZnRzZ2VzZXR6LzUxMzQwNA==&amp;mod=mod493054%20\" target=\"_blank\" rel=\"noopener\"><strong>Bundestag den Entwurf der Bundesregierung f\u00fcr ein Urheberrechts-Wissensgesellschafts-Gesetz<\/strong> <\/a>in der vom Ausschusses f\u00fcr Recht und Verbraucherschutz ge\u00e4nderten Fassung beschlossen. W\u00e4hrend Union und SPD f\u00fcr und Die Linke gegen das Gesetz stimmten, enthielten sich Die Gr\u00fcnen.<\/p>\n<p>Im Fokus des Gesetzes, das am 18. M\u00e4rz 2018 in Kraft treten soll, steht die Regulierung der Nutzung von urheberrechtlich gesch\u00fctzten Werken in Bildung und Wissenschaft und deren Anpassung an die Bedingungen des Digitalzeitalters.<\/p>\n<p>Hierzu wird eine neue Bildungs- und Wissenschaftsschranke etabliert, die die Nutzung von gesch\u00fctzten Werken im Unterricht und der Forschung unter bestimmten Voraussetzung erlaubt. Bis zu 15 % eines ver\u00f6ffentlichten Werkes k\u00f6nnen demnach zu diesem Zweck vervielf\u00e4ltigt, verbreitet, \u00f6ffentlich zug\u00e4nglich gemacht und in sonstiger Weise \u00f6ffentlich wiedergegeben werden. F\u00fcr Bibliotheken und Archive ist vor allem die Neuregelung zum Text- und Data-Mining relevant, die es erlaubt, eine Vielzahl von Texten, Daten, Bildern und sonstigen Materialien auszuwerten, um neue Erkenntnisse zu gewinnen. Die zun\u00e4chst noch im Regierungsentwurf angedachte Erstreckung der Regelungen auch auf Zeitschriften- und Zeitungsartikel ist im endg\u00fcltigen Beschluss nicht mehr vorhanden.<\/p>\n<p>Ausgleichend f\u00fcr die aus der Schranke resultierenden Freiheiten f\u00fcr Bildung und Wissenschaft sollen Urheber nach dem Gesetz auch eine angemessene Verg\u00fctung erhalten, die allerdings pauschal \u00fcber die Verwertungsgesellschaften gew\u00e4hrt werden soll. Individuelle Vertr\u00e4ge, die die Schrankenregelung umgehen, werden als unzul\u00e4ssig und damit unwirksam erkl\u00e4rt.<\/p>\n","protected":false},"excerpt":{"rendered":"<p>Am 30. Juni 2017 hat der Bundestag den Entwurf der Bundesregierung f\u00fcr ein Urheberrechts-Wissensgesellschafts-Gesetz in der vom Ausschusses f\u00fcr Recht und Verbraucherschutz ge\u00e4nderten Fassung beschlossen. W\u00e4hrend Union und SPD f\u00fcr und Die Linke gegen das Gesetz stimmten, enthielten sich Die Gr\u00fcnen. Im Fokus des Gesetzes, das am 18. M\u00e4rz 2018 in Kraft treten soll, steht [&hellip;]<\/p>\n","protected":false},"author":4,"featured_media":2674,"comment_status":"closed","ping_status":"open","sticky":false,"template":"","format":"standard","meta":{"_et_pb_use_builder":"","_et_pb_old_content":"","_et_gb_content_width":"","footnotes":""},"categories":[224,1,25],"tags":[],"class_list":["post-2673","post","type-post","status-publish","format-standard","has-post-thumbnail","hentry","category-nachrichten","category-aktuelles","category-urheberrecht","et-has-post-format-content","et_post_format-et-post-format-standard"],"translation":{"provider":"WPGlobus","version":"3.0.2","language":"fr","enabled_languages":["de","fr","gb"],"languages":{"de":{"title":true,"content":true,"excerpt":false},"fr":{"title":false,"content":false,"excerpt":false},"gb":{"title":false,"content":false,"excerpt":false}}},"_links":{"self":[{"href":"https:\/\/emr-sb.de\/fr\/wp-json\/wp\/v2\/posts\/2673","targetHints":{"allow":["GET"]}}],"collection":[{"href":"https:\/\/emr-sb.de\/fr\/wp-json\/wp\/v2\/posts"}],"about":[{"href":"https:\/\/emr-sb.de\/fr\/wp-json\/wp\/v2\/types\/post"}],"author":[{"embeddable":true,"href":"https:\/\/emr-sb.de\/fr\/wp-json\/wp\/v2\/users\/4"}],"replies":[{"embeddable":true,"href":"https:\/\/emr-sb.de\/fr\/wp-json\/wp\/v2\/comments?post=2673"}],"version-history":[{"count":2,"href":"https:\/\/emr-sb.de\/fr\/wp-json\/wp\/v2\/posts\/2673\/revisions"}],"predecessor-version":[{"id":2683,"href":"https:\/\/emr-sb.de\/fr\/wp-json\/wp\/v2\/posts\/2673\/revisions\/2683"}],"wp:featuredmedia":[{"embeddable":true,"href":"https:\/\/emr-sb.de\/fr\/wp-json\/wp\/v2\/media\/2674"}],"wp:attachment":[{"href":"https:\/\/emr-sb.de\/fr\/wp-json\/wp\/v2\/media?parent=2673"}],"wp:term":[{"taxonomy":"category","embeddable":true,"href":"https:\/\/emr-sb.de\/fr\/wp-json\/wp\/v2\/categories?post=2673"},{"taxonomy":"post_tag","embeddable":true,"href":"https:\/\/emr-sb.de\/fr\/wp-json\/wp\/v2\/tags?post=2673"}],"curies":[{"name":"wp","href":"https:\/\/api.w.org\/{rel}","templated":true}]}}