{"id":2677,"date":"2017-07-07T14:03:17","date_gmt":"2017-07-07T12:03:17","guid":{"rendered":"https:\/\/emr-sb.de\/?p=2677"},"modified":"2017-11-03T14:30:01","modified_gmt":"2017-11-03T13:30:01","slug":"blindenschranke","status":"publish","type":"post","link":"https:\/\/emr-sb.de\/fr\/blindenschranke\/","title":{"rendered":"EU-Parlament beschlie\u00dft neue Urheberrechtsschranke f\u00fcr Blinde und Sehbehinderte"},"content":{"rendered":"<p>Vier Jahre nach dem Vertrag von Marrakesch zur Erleichterung des Zugangs blinder, sehbehinderter oder anderweitig lesebehinderter Personen zu ver\u00f6ffentlichten Werken hat das <a title=\"Pressemitteilung des EU-Parlaments\" href=\"http:\/\/www.europarl.europa.eu\/news\/de\/press-room\/20170629IPR78641\/eu-will-make-more-books-available-for-blind-people\" target=\"_blank\" rel=\"noopener\"><strong>EU-Parlament schlie\u00dflich dessen konkrete gesetzliche Umsetzung beschlossen<\/strong><\/a>. Die urheberrechtlichen Ausnahmen f\u00fcr entsprechend zug\u00e4ngliche Formatkopien sowie der grenz\u00fcberschreitende Austausch dieser Arbeiten wurden mit deutlicher Mehrheit in H\u00f6he von \u00fcber 600 Stimmen angenommen. Im gleichen Atemzug wurde aber auch eine Ausgleichsklausel f\u00fcr Verlage etabliert, die auf Kritik seitens der von der Schranke Profitierenden st\u00f6\u00dft.<\/p>\n<h2>Umsetzung des Vertrages von Marrakesch<\/h2>\n<p>2013 wurde der<a href=\"http:\/\/eur-lex.europa.eu\/legal-content\/DE\/ALL\/?uri=CELEX%3A52014PC0638\" target=\"_blank\" rel=\"noopener\"><strong> Vertrag von Marrakesch<\/strong><\/a> nach Verhandlungen im Rahmen der Weltorganisation f\u00fcr geistiges Eigentum (WIPO) von der EU geschlossen. Dieser schreibt den Vertragsstaaten vor, in ihrem nationalen Recht vorzusehen, dass bestimmte Stellen (n\u00e4mlich staatliche Einrichtungen und gemeinn\u00fctzige Organisationen, die Dienstleistungen in Bezug auf Bildung, p\u00e4dagogische Schulung, adaptives Lesen oder Zugang zu Informationen anbieten) zugunsten von blinden, sehbehinderten oder anderweitig lesebehinderten Personen ver\u00f6ffentlichte Werke ohne die Erlaubnis des Inhabers des Urheberrechts in einem zug\u00e4nglichen Format vervielf\u00e4ltigen oder verbreiten d\u00fcrfen. Die Staaten m\u00fcssen nach dem Vertrag von Marrakesch auch den grenz\u00fcberschreitenden Austausch von Vervielf\u00e4ltigungsst\u00fccken in einem zug\u00e4nglichen Format dadurch erleichtern, dass sie bestimmte Formen der Aus- und Einfuhr dieser Vervielf\u00e4ltigungsst\u00fccke gestatten.<\/p>\n<p>Genau diese Regelungen werden nun dem Parlamentsbeschluss umfasst und stehen nun den Ans\u00e4tzen des Rates offen.<\/p>\n<h2>\u00d6ffnungsklausel: Mitgliedstaaten k\u00f6nnen im nationalen Recht Ausgleichszahlungen vorsehen<\/h2>\n<p>\u00a0Als Gegenst\u00fcck zu dem Vervielf\u00e4ltigungs- und Verbreitungsrecht, sieht der Beschluss allerdings auch eine \u00d6ffnungsklausel f\u00fcr die Mitgliedstaaten vor. Diese k\u00f6nnen demnach Ausgleichszahlungen f\u00fcr Verlage f\u00fcr das Vervielf\u00e4ltigen und Verbreiten urheberrechtlich gesch\u00fctzter Werke in zug\u00e4nglichen Formaten unter bestimmten Voraussetzungen in ihren nationalen Gesetzen vorsehen. Eine solche Regelung findet sich mit \u00a745 a UrhG bereits jetzt in Deutschland. Die Ausgleichszahlungen h\u00e4lt man seitens der Europ\u00e4ischen Blindenunion (EBU) allerdings angesichts des Benachteiligungsverbotes aus der 2009 vom Bundestag angenommenen Konvention der Vereinten Nationen \u00fcber die Rechte der Behinderten f\u00fcr rechtlich angreifbar und hat bereits rechtliche Schritte angek\u00fcndigt. So will man die Kommission dar\u00fcber entscheiden lassen, ob die deutsche Regelung gegen die Behindertenkonvention und\/oder gegen bestehende Ausnahmen in der Urheberrechtsrichtlinie der EU verst\u00f6\u00dft.<\/p>\n","protected":false},"excerpt":{"rendered":"<p>Vier Jahre nach dem Vertrag von Marrakesch zur Erleichterung des Zugangs blinder, sehbehinderter oder anderweitig lesebehinderter Personen zu ver\u00f6ffentlichten Werken hat das EU-Parlament schlie\u00dflich dessen konkrete gesetzliche Umsetzung beschlossen. Die urheberrechtlichen Ausnahmen f\u00fcr entsprechend zug\u00e4ngliche Formatkopien sowie der grenz\u00fcberschreitende Austausch dieser Arbeiten wurden mit deutlicher Mehrheit in H\u00f6he von \u00fcber 600 Stimmen angenommen. Im gleichen [&hellip;]<\/p>\n","protected":false},"author":4,"featured_media":2678,"comment_status":"closed","ping_status":"open","sticky":false,"template":"","format":"standard","meta":{"_et_pb_use_builder":"","_et_pb_old_content":"","_et_gb_content_width":"","footnotes":""},"categories":[224,1,25],"tags":[],"class_list":["post-2677","post","type-post","status-publish","format-standard","has-post-thumbnail","hentry","category-nachrichten","category-aktuelles","category-urheberrecht","et-has-post-format-content","et_post_format-et-post-format-standard"],"translation":{"provider":"WPGlobus","version":"3.0.2","language":"fr","enabled_languages":["de","fr","gb"],"languages":{"de":{"title":true,"content":true,"excerpt":false},"fr":{"title":false,"content":false,"excerpt":false},"gb":{"title":false,"content":false,"excerpt":false}}},"_links":{"self":[{"href":"https:\/\/emr-sb.de\/fr\/wp-json\/wp\/v2\/posts\/2677","targetHints":{"allow":["GET"]}}],"collection":[{"href":"https:\/\/emr-sb.de\/fr\/wp-json\/wp\/v2\/posts"}],"about":[{"href":"https:\/\/emr-sb.de\/fr\/wp-json\/wp\/v2\/types\/post"}],"author":[{"embeddable":true,"href":"https:\/\/emr-sb.de\/fr\/wp-json\/wp\/v2\/users\/4"}],"replies":[{"embeddable":true,"href":"https:\/\/emr-sb.de\/fr\/wp-json\/wp\/v2\/comments?post=2677"}],"version-history":[{"count":4,"href":"https:\/\/emr-sb.de\/fr\/wp-json\/wp\/v2\/posts\/2677\/revisions"}],"predecessor-version":[{"id":2688,"href":"https:\/\/emr-sb.de\/fr\/wp-json\/wp\/v2\/posts\/2677\/revisions\/2688"}],"wp:featuredmedia":[{"embeddable":true,"href":"https:\/\/emr-sb.de\/fr\/wp-json\/wp\/v2\/media\/2678"}],"wp:attachment":[{"href":"https:\/\/emr-sb.de\/fr\/wp-json\/wp\/v2\/media?parent=2677"}],"wp:term":[{"taxonomy":"category","embeddable":true,"href":"https:\/\/emr-sb.de\/fr\/wp-json\/wp\/v2\/categories?post=2677"},{"taxonomy":"post_tag","embeddable":true,"href":"https:\/\/emr-sb.de\/fr\/wp-json\/wp\/v2\/tags?post=2677"}],"curies":[{"name":"wp","href":"https:\/\/api.w.org\/{rel}","templated":true}]}}