{"id":2898,"date":"2017-11-29T14:39:05","date_gmt":"2017-11-29T13:39:05","guid":{"rendered":"https:\/\/emr-sb.de\/?p=2898"},"modified":"2017-12-18T15:22:56","modified_gmt":"2017-12-18T14:22:56","slug":"satcab-verordnung","status":"publish","type":"post","link":"https:\/\/emr-sb.de\/fr\/satcab-verordnung\/","title":{"rendered":"EP-Rechtsausschuss stimmt \u00fcber SatCab-Verordnung ab"},"content":{"rendered":"<p>Der Rechtsausschuss des Europ\u00e4ischen Parlaments hat in der vergangenen Woche \u00fcber den Berichtsentwurf des Parlaments \u00fcber den Vorschlag der Europ\u00e4ischen Kommission f\u00fcr eine Verordnung mit Vorschriften f\u00fcr die Wahrnehmung von Urheberrechten und verwandten Schutzrechten in Bezug auf bestimmte Online-\u00dcbertragungen von Rundfunkveranstaltern und die Weiterverbreitung von Fernseh- und H\u00f6rfunkprogrammen (SatCab-Verordnung) abgestimmt. Der Entwurf des Berichterstatters Tiemo W\u00f6lken wurde dabei mit 15 zu 8 Stimmen und einer Enthaltung mehrheitlich angenommen (Vgl. hierzu die <a href=\"http:\/\/www.europarl.europa.eu\/news\/de\/press-room\/20171121IPR88503\/more-online-tv-and-radio-across-borders\" target=\"_blank\" rel=\"noopener\">Pressemitteilung<\/a> des Europ\u00e4ischen Parlaments vom 21.11.2017).<\/p>\n<p>Der Entwurf der SatCab-Verordnung befasst sich mit der \u00c4nderung des aktuell geltenden rechtlichen Rahmens zur Online-\u00dcbertragung von Rundfunksendungen. Die derzeitige tats\u00e4chliche Entwicklung auf dem Medienmarkt geht im Digitalisierungszeitalter wohl in Richtung hybrider Inhalte, die auf verschiedenen Wegen \u00fcbermittelt werden k\u00f6nnen, sodass die Form der Endger\u00e4te \u2013 ob TV, Smartphone, Tablet oder PC &#8211; stetig an Bedeutung verliert. Auch Streaming-Angebote erfreuen sich immer gr\u00f6\u00dfer werdender Beliebtheit. W\u00e4hrend der Rezipient eine Erwartungshaltung entwickelt, Inhalte auf all seinen Endger\u00e4ten bequem und uneingeschr\u00e4nkt abrufen zu k\u00f6nnen, sind dem zurzeit f\u00fcr die Anbieter rechtliche Grenzen vor allem in Bezug auf die Rechteinhaberschaft gesetzt. So m\u00fcssen beispielsweise bisher die Rechte f\u00fcr die lineare Verbreitung von Inhalten mit verschiedenen Vertragspartnern auf unterschiedlicher Basis und vor dem Hintergrund des Territorialit\u00e4tsprinzips verhandelt werden. Durch die Reform sollen die rechtlichen Bedingungen f\u00fcr digitale Inhalte nun den von europ\u00e4ischer Ebene ausgemachten Entwicklungen angepasst werden.<\/p>\n<p>Die Stellungnahme des EP-Rechtsausschusses spricht sich unter anderem f\u00fcr die Regelung aus, dass die Rundfunkanstalten zuk\u00fcnftig nur die Rechte in ihrem eigenen Land kl\u00e4ren m\u00fcssen, um ihre Online-Nachrichten und ihre aktuellen Inhalte auch f\u00fcr Zuschauer in anderen EU-L\u00e4ndern zug\u00e4nglich zu machen.\u00a0Anderweitige vertragliche Vereinbarungen, insbesondere zum Geoblocking, sollen aber weiterhin m\u00f6glich bleiben. Au\u00dferdem sollen die Sender Nachrichten und aktuelle Sendungen in anderen L\u00e4ndern zeitgleich mit ihrer Sendung oder als Catch-up-Dienste online verf\u00fcgbar machen und Anbieter von Senderpaketen sollen die Rechte an Programmen aus anderen Mitgliedstaaten leichter durch Verwertungsgesellschaften, die Rechteinhaber vertreten, abwickeln k\u00f6nnen.<\/p>\n<p>Hierzu:<\/p>\n<p><a href=\"http:\/\/www.europarl.europa.eu\/news\/de\/press-room\/20171121IPR88503\/more-online-tv-and-radio-across-borders\" target=\"_blank\" rel=\"noopener\">Pressemitteilung des Europ\u00e4ischen Parlaments (englisch)<\/a><\/p>\n<p><a href=\"http:\/\/www.europarl.europa.eu\/sides\/getDoc.do?type=REPORT&amp;mode=XML&amp;reference=A8-2017-0378&amp;language=EN\" target=\"_blank\" rel=\"noopener\">Draft Report des Europ\u00e4ischen Parlaments samt weiterf\u00fchrender Dokumente (englisch)<\/a><\/p>\n<p>&nbsp;<\/p>\n<p>&nbsp;<\/p>\n","protected":false},"excerpt":{"rendered":"<p>Der Rechtsausschuss des Europ\u00e4ischen Parlaments hat in der vergangenen Woche \u00fcber den Berichtsentwurf des Parlaments \u00fcber den Vorschlag der Europ\u00e4ischen Kommission f\u00fcr eine Verordnung mit Vorschriften f\u00fcr die Wahrnehmung von Urheberrechten und verwandten Schutzrechten in Bezug auf bestimmte Online-\u00dcbertragungen von Rundfunkveranstaltern und die Weiterverbreitung von Fernseh- und H\u00f6rfunkprogrammen (SatCab-Verordnung) abgestimmt. Der Entwurf des Berichterstatters Tiemo [&hellip;]<\/p>\n","protected":false},"author":4,"featured_media":2900,"comment_status":"closed","ping_status":"open","sticky":false,"template":"","format":"standard","meta":{"_et_pb_use_builder":"","_et_pb_old_content":"","_et_gb_content_width":"","footnotes":""},"categories":[224,1,24,25],"tags":[296],"class_list":["post-2898","post","type-post","status-publish","format-standard","has-post-thumbnail","hentry","category-nachrichten","category-aktuelles","category-av-mediendienste","category-urheberrecht","tag-satcab","et-has-post-format-content","et_post_format-et-post-format-standard"],"translation":{"provider":"WPGlobus","version":"3.0.2","language":"fr","enabled_languages":["de","fr","gb"],"languages":{"de":{"title":true,"content":true,"excerpt":false},"fr":{"title":false,"content":false,"excerpt":false},"gb":{"title":true,"content":true,"excerpt":false}}},"_links":{"self":[{"href":"https:\/\/emr-sb.de\/fr\/wp-json\/wp\/v2\/posts\/2898","targetHints":{"allow":["GET"]}}],"collection":[{"href":"https:\/\/emr-sb.de\/fr\/wp-json\/wp\/v2\/posts"}],"about":[{"href":"https:\/\/emr-sb.de\/fr\/wp-json\/wp\/v2\/types\/post"}],"author":[{"embeddable":true,"href":"https:\/\/emr-sb.de\/fr\/wp-json\/wp\/v2\/users\/4"}],"replies":[{"embeddable":true,"href":"https:\/\/emr-sb.de\/fr\/wp-json\/wp\/v2\/comments?post=2898"}],"version-history":[{"count":4,"href":"https:\/\/emr-sb.de\/fr\/wp-json\/wp\/v2\/posts\/2898\/revisions"}],"predecessor-version":[{"id":3110,"href":"https:\/\/emr-sb.de\/fr\/wp-json\/wp\/v2\/posts\/2898\/revisions\/3110"}],"wp:featuredmedia":[{"embeddable":true,"href":"https:\/\/emr-sb.de\/fr\/wp-json\/wp\/v2\/media\/2900"}],"wp:attachment":[{"href":"https:\/\/emr-sb.de\/fr\/wp-json\/wp\/v2\/media?parent=2898"}],"wp:term":[{"taxonomy":"category","embeddable":true,"href":"https:\/\/emr-sb.de\/fr\/wp-json\/wp\/v2\/categories?post=2898"},{"taxonomy":"post_tag","embeddable":true,"href":"https:\/\/emr-sb.de\/fr\/wp-json\/wp\/v2\/tags?post=2898"}],"curies":[{"name":"wp","href":"https:\/\/api.w.org\/{rel}","templated":true}]}}