{"id":3047,"date":"2017-12-13T14:01:20","date_gmt":"2017-12-13T13:01:20","guid":{"rendered":"https:\/\/emr-sb.de\/?p=3047"},"modified":"2017-12-18T10:53:01","modified_gmt":"2017-12-18T09:53:01","slug":"satcab-verhandlungsmandat-vom-eu-parlament-gebilligt","status":"publish","type":"post","link":"https:\/\/emr-sb.de\/fr\/satcab-verhandlungsmandat-vom-eu-parlament-gebilligt\/","title":{"rendered":"SatCab Verhandlungsmandat vom EU-Parlament gebilligt"},"content":{"rendered":"<p>Wie bereits <a href=\"https:\/\/emr-sb.de\/satcab-verordnung\/\">hier<\/a> im November beim EMR zu lesen war, wurde nun \u00fcber das Verhandlungsmandat zur SatCab Verordnung im Plenum des EU-Parlamentes abgestimmt.<\/p>\n<p>Von 645 Abgeordneten stimmten dabei 344 mit Ja. Damit ist die SatCab Verordnung in dem Mandat, wie es vom Rechtsausschuss ausgearbeitet worden war, gebilligt. Demnach sind gr\u00f6\u00dfte Teile der geplanten Verordnung angenommen worden, jedoch muss sog. &#8220;Geoblocking&#8221; u.a. vertraglich noch immer m\u00f6glich bleiben. Die Anbieter m\u00fcssen aber grunds\u00e4tzlich vor allem die Rechtslage im eigenen Land beachten.\u00a0\u00a0<\/p>\n<p>Damit stehen die M\u00f6glichkeiten offen zuk\u00fcnftig nationale Programme und Sendungen, wie zum Beispiel Nachrichten, auch au\u00dferhalb des eigenen Landes online anzubieten. Die genauen Regelungen werden jedoch erst nach den Verhandlungen des Parlamentes mit dem Rat feststehen.<\/p>\n<p>&nbsp;<\/p>\n<p><a href=\"http:\/\/www.europarl.europa.eu\/news\/de\/press-room\/20171207IPR89764\/online-ubertragung-von-rundfunkprogrammen-verhandlungen-konnen-starten\" rel=\"nofollow\">Hier<\/a> finden Sie die Pressemitteilung des EU-Parlamentes vom 12.12.2017.<\/p>\n<p>&nbsp;<\/p>\n<p>In anderen Medien:<\/p>\n<p><a href=\"https:\/\/www.broadbandtvnews.com\/2017\/12\/13\/ebu-satcab-vote-a-missed-dsm-opportunity\/?mc_cid=76bb64a65f&amp;mc_eid=5a001b10c2\" rel=\"nofollow\">Broadband TV News<\/a><\/p>\n<p><a href=\"http:\/\/www.urheberrecht.org\/news\/p\/1\/i\/5971\/\" rel=\"nofollow\">Institut f\u00fcr Urheber- und Medienrecht<\/a><\/p>\n","protected":false},"excerpt":{"rendered":"<p>Wie bereits hier im November beim EMR zu lesen war, wurde nun \u00fcber das Verhandlungsmandat zur SatCab Verordnung im Plenum des EU-Parlamentes abgestimmt. Von 645 Abgeordneten stimmten dabei 344 mit Ja. Damit ist die SatCab Verordnung in dem Mandat, wie es vom Rechtsausschuss ausgearbeitet worden war, gebilligt. Demnach sind gr\u00f6\u00dfte Teile der geplanten Verordnung angenommen [&hellip;]<\/p>\n","protected":false},"author":1,"featured_media":3048,"comment_status":"closed","ping_status":"open","sticky":false,"template":"","format":"standard","meta":{"_et_pb_use_builder":"","_et_pb_old_content":"","_et_gb_content_width":"","footnotes":""},"categories":[224,1,220,27,221],"tags":[296],"class_list":["post-3047","post","type-post","status-publish","format-standard","has-post-thumbnail","hentry","category-nachrichten","category-aktuelles","category-rundfunkrecht","category-telekommunikation","category-telemedienrecht","tag-satcab","et-has-post-format-content","et_post_format-et-post-format-standard"],"translation":{"provider":"WPGlobus","version":"3.0.2","language":"fr","enabled_languages":["de","fr","gb"],"languages":{"de":{"title":true,"content":true,"excerpt":false},"fr":{"title":false,"content":false,"excerpt":false},"gb":{"title":true,"content":true,"excerpt":false}}},"_links":{"self":[{"href":"https:\/\/emr-sb.de\/fr\/wp-json\/wp\/v2\/posts\/3047","targetHints":{"allow":["GET"]}}],"collection":[{"href":"https:\/\/emr-sb.de\/fr\/wp-json\/wp\/v2\/posts"}],"about":[{"href":"https:\/\/emr-sb.de\/fr\/wp-json\/wp\/v2\/types\/post"}],"author":[{"embeddable":true,"href":"https:\/\/emr-sb.de\/fr\/wp-json\/wp\/v2\/users\/1"}],"replies":[{"embeddable":true,"href":"https:\/\/emr-sb.de\/fr\/wp-json\/wp\/v2\/comments?post=3047"}],"version-history":[{"count":4,"href":"https:\/\/emr-sb.de\/fr\/wp-json\/wp\/v2\/posts\/3047\/revisions"}],"predecessor-version":[{"id":3098,"href":"https:\/\/emr-sb.de\/fr\/wp-json\/wp\/v2\/posts\/3047\/revisions\/3098"}],"wp:featuredmedia":[{"embeddable":true,"href":"https:\/\/emr-sb.de\/fr\/wp-json\/wp\/v2\/media\/3048"}],"wp:attachment":[{"href":"https:\/\/emr-sb.de\/fr\/wp-json\/wp\/v2\/media?parent=3047"}],"wp:term":[{"taxonomy":"category","embeddable":true,"href":"https:\/\/emr-sb.de\/fr\/wp-json\/wp\/v2\/categories?post=3047"},{"taxonomy":"post_tag","embeddable":true,"href":"https:\/\/emr-sb.de\/fr\/wp-json\/wp\/v2\/tags?post=3047"}],"curies":[{"name":"wp","href":"https:\/\/api.w.org\/{rel}","templated":true}]}}