{"id":3058,"date":"2017-05-08T10:08:00","date_gmt":"2017-05-08T08:08:00","guid":{"rendered":"https:\/\/emr-sb.de\/?p=3058"},"modified":"2017-12-14T10:14:44","modified_gmt":"2017-12-14T09:14:44","slug":"de-bgh-zur-ermittlung-des-gehalts-von-aeusserungen-in-einer-satiresendung","status":"publish","type":"post","link":"https:\/\/emr-sb.de\/fr\/de-bgh-zur-ermittlung-des-gehalts-von-aeusserungen-in-einer-satiresendung\/","title":{"rendered":"DE: BGH zur Ermittlung des Gehalts von \u00c4u\u00dferungen in einer Satiresendung"},"content":{"rendered":"<p>Die Kabarettisten der ZDF-Satiresendung \u201eDie Anstalt\u201c d\u00fcrfen weiter behaupten, ein Herausgeber und ein Journalist der Wochenzeitung \u201eDie Zeit\u201c h\u00e4tten Verbindungen zu Organisationen, die sich mit sicherheitspolitischen Fragen befassen. Das hat der BGH in zwei U. v. 10.01.17 festgestellt \u2013 Az.: VI ZR 561\/15 und VI ZR 562\/15 \u2013 und damit die Verleumdungsklagen der Zeitungsmacher zur\u00fcckgewiesen.<br \/>\nDer \u00f6ffentlich-rechtliche Fernsehsender ZDF strahlte am 29.04.2014 die Satiresendung \u201eDie Anstalt\u201c aus. Zum Inhalt der Sendung z\u00e4hlte auch ein Dialog zwischen zwei Kabarettisten, der der Frage der Unabh\u00e4ngigkeit von zwei Journalisten der \u201eZeit\u201c in sicherheitspolitischen Themen nachging. Die Journalisten waren der Ansicht, in diesem Dialog sei die unzutreffende Tatsachenbehauptung aufgestellt worden, sie seien in acht beziehungsweise drei Organisationen als Mitglieder, Vorst\u00e4nde oder Beir\u00e4te aktiv, die sich mit sicherheitspolitischen Fragen befassen. Einer der Redakteure war dar\u00fcber hinaus der Auffassung, es sei der Wahrheit zuwider behauptet worden, er habe die Rede des Bundespr\u00e4sidenten vor der M\u00fcnchener Sicherheitskonferenz im Januar 2014 selbst geschrieben, \u00fcber die er sp\u00e4ter als Journalist dann wohlwollend berichtet hat. Die Kl\u00e4ger erhoben gegen den Beklagten, das ZDF, Unterlassungsklage.<br \/>\nDas Hanseatische Oberlandesgericht (OLG) hat das beklagte ZDF U. v. 08.09.15 \u2013 Az.: 7 U 121\/14 und 7 U 120\/14 \u2013 zur Unterlassung der angegriffenen \u00c4u\u00dferungen verurteilt.<br \/>\nDer BGH wiederum hob die Berufungsurteile auf und wies die Klagen ab. Nach Ansicht des BGH hatte das Berufungsgericht den angegriffenen \u00c4u\u00dferungen einen unzutreffenden Sinngehalt entnommen. Der BGH betonte, bei korrekter Ermittlung des Aussagegehalts h\u00e4tten die Kabarettisten die umstrittenen Aussagen gar nicht get\u00e4tigt, deshalb k\u00f6nnten sie auch nicht verboten werden. Zur Erfassung des Aussagegehalts m\u00fcsse eine \u00c4u\u00dferung stets in dem Gesamtzusammenhang beurteilt werden, in dem sie gefallen ist. Der BGH hob die Verfremdung von Aussagen hervor, die satirischen Beitr\u00e4gen wesenseigen sei. Bei der Ermittlung des eigentlichen Aussagegehalts m\u00fcsse man die Satire zun\u00e4chst von dieser Verfremdung entkleiden. Entscheidend sei, welche Botschaft bei einem unvoreingenommenen und verst\u00e4ndigen Zuschauer angesichts der Vielzahl der auf einen Moment konzentrierten Eindr\u00fccke ankomme. Deshalb sei dem umstrittenen Sendebeitrag im Wesentlichen nur die Aussage zu entnehmen, es best\u00fcnden Verbindungen zwischen den Kl\u00e4gern und den in der Sendung genannten Organisationen. Da solche Verbindungen tats\u00e4chlich best\u00fcnden, sei die Aussage richtig und k\u00f6nne nicht verboten werden.<\/p>\n<p>Die <a href=\"http:\/\/juris.bundesgerichtshof.de\/cgi-bin\/rechtsprechung\/document.py?Gericht= bgh&amp;Art=en&amp;Datum=Aktuell&amp;nr=77097&amp;linked=pm\" rel=\"nofollow\">Pressemitteilung des BGH<\/a> ist abrufbar.<\/p>\n<p>Urspr\u00fcnglich erschienen im EMR-Newsletter 04\/2017, Autor ist\u00a0Ingo Beckendorf.<\/p>\n","protected":false},"excerpt":{"rendered":"<p>Die Kabarettisten der ZDF-Satiresendung \u201eDie Anstalt\u201c d\u00fcrfen weiter behaupten, ein Herausgeber und ein Journalist der Wochenzeitung \u201eDie Zeit\u201c h\u00e4tten Verbindungen zu Organisationen, die sich mit sicherheitspolitischen Fragen befassen. Das hat der BGH in zwei U. v. 10.01.17 festgestellt \u2013 Az.: VI ZR 561\/15 und VI ZR 562\/15 \u2013 und damit die Verleumdungsklagen der Zeitungsmacher zur\u00fcckgewiesen. [&hellip;]<\/p>\n","protected":false},"author":1,"featured_media":3059,"comment_status":"closed","ping_status":"open","sticky":false,"template":"","format":"standard","meta":{"_et_pb_use_builder":"","_et_pb_old_content":"","_et_gb_content_width":"","footnotes":""},"categories":[3,1],"tags":[286,298,253,267],"class_list":["post-3058","post","type-post","status-publish","format-standard","has-post-thumbnail","hentry","category-aktuelle-meldung","category-aktuelles","tag-bgh","tag-die-anstalt","tag-emr-newsletter","tag-urteil","et-has-post-format-content","et_post_format-et-post-format-standard"],"translation":{"provider":"WPGlobus","version":"3.0.2","language":"fr","enabled_languages":["de","fr","gb"],"languages":{"de":{"title":true,"content":true,"excerpt":false},"fr":{"title":false,"content":false,"excerpt":false},"gb":{"title":false,"content":false,"excerpt":false}}},"_links":{"self":[{"href":"https:\/\/emr-sb.de\/fr\/wp-json\/wp\/v2\/posts\/3058","targetHints":{"allow":["GET"]}}],"collection":[{"href":"https:\/\/emr-sb.de\/fr\/wp-json\/wp\/v2\/posts"}],"about":[{"href":"https:\/\/emr-sb.de\/fr\/wp-json\/wp\/v2\/types\/post"}],"author":[{"embeddable":true,"href":"https:\/\/emr-sb.de\/fr\/wp-json\/wp\/v2\/users\/1"}],"replies":[{"embeddable":true,"href":"https:\/\/emr-sb.de\/fr\/wp-json\/wp\/v2\/comments?post=3058"}],"version-history":[{"count":2,"href":"https:\/\/emr-sb.de\/fr\/wp-json\/wp\/v2\/posts\/3058\/revisions"}],"predecessor-version":[{"id":3061,"href":"https:\/\/emr-sb.de\/fr\/wp-json\/wp\/v2\/posts\/3058\/revisions\/3061"}],"wp:featuredmedia":[{"embeddable":true,"href":"https:\/\/emr-sb.de\/fr\/wp-json\/wp\/v2\/media\/3059"}],"wp:attachment":[{"href":"https:\/\/emr-sb.de\/fr\/wp-json\/wp\/v2\/media?parent=3058"}],"wp:term":[{"taxonomy":"category","embeddable":true,"href":"https:\/\/emr-sb.de\/fr\/wp-json\/wp\/v2\/categories?post=3058"},{"taxonomy":"post_tag","embeddable":true,"href":"https:\/\/emr-sb.de\/fr\/wp-json\/wp\/v2\/tags?post=3058"}],"curies":[{"name":"wp","href":"https:\/\/api.w.org\/{rel}","templated":true}]}}