{"id":3666,"date":"2018-04-24T15:10:42","date_gmt":"2018-04-24T13:10:42","guid":{"rendered":"https:\/\/emr-sb.de\/?p=3666"},"modified":"2018-04-24T15:12:53","modified_gmt":"2018-04-24T13:12:53","slug":"veranstaltungshinweis-am-vortag-der-ds-gvo-justiz-und-medien-als-beispiele-fuer-die-herausforderungen-beim-umgang-mit-dem-neuen-recht","status":"publish","type":"post","link":"https:\/\/emr-sb.de\/fr\/veranstaltungshinweis-am-vortag-der-ds-gvo-justiz-und-medien-als-beispiele-fuer-die-herausforderungen-beim-umgang-mit-dem-neuen-recht\/","title":{"rendered":"Veranstaltungshinweis: Am Vortag der DS-GVO &#8211; Justiz und Medien als Beispiele f\u00fcr die Herausforderungen beim Umgang mit dem neuen Recht"},"content":{"rendered":"<p>Zusammen mit seinem Kooperationspartneer dem deutschen EDV-Gerichtstag l\u00e4dt das EMR am 24. Mai 2018 anl\u00e4sslich des Inkrafttretens der Datenschutz-Grundverordnung zu einer Veranstaltung in Berlin ein.\u00a0<\/p>\n<p>Hier geht es zur Veranstaltung:<\/p>\n<blockquote class=\"wp-embedded-content\" data-secret=\"XCDu1MYc3t\"><p><a href=\"https:\/\/emr-sb.de\/events\/am-vortag-der-ds-gvo-justiz-und-medien-als-beispiele-fuer-die-herausforderungen-beim-umgang-mit-dem-neuen-recht\/\">Am Vortag der DS-GVO &#8211; Justiz und Medien als Beispiele f\u00fcr die Herausforderungen beim Umgang mit dem neuen Recht<\/a><\/p><\/blockquote>\n<p><iframe loading=\"lazy\" class=\"wp-embedded-content\" sandbox=\"allow-scripts\" security=\"restricted\" style=\"position: absolute; clip: rect(1px, 1px, 1px, 1px);\" src=\"https:\/\/emr-sb.de\/events\/am-vortag-der-ds-gvo-justiz-und-medien-als-beispiele-fuer-die-herausforderungen-beim-umgang-mit-dem-neuen-recht\/embed\/#?secret=XCDu1MYc3t\" data-secret=\"XCDu1MYc3t\" width=\"600\" height=\"338\" title=\"&#8222;Am Vortag der DS-GVO &#8211; Justiz und Medien als Beispiele f\u00fcr die Herausforderungen beim Umgang mit dem neuen Recht&#8220; &#8212; Institut f\u00fcr Europ\u00e4isches Medienrecht\" frameborder=\"0\" marginwidth=\"0\" marginheight=\"0\" scrolling=\"no\"><\/iframe><\/p>\n","protected":false},"excerpt":{"rendered":"<p>Zusammen mit seinem Kooperationspartneer dem deutschen EDV-Gerichtstag l\u00e4dt das EMR am 24. Mai 2018 anl\u00e4sslich des Inkrafttretens der Datenschutz-Grundverordnung zu einer Veranstaltung in Berlin ein.\u00a0 Hier geht es zur Veranstaltung: Am Vortag der DS-GVO &#8211; Justiz und Medien als Beispiele f\u00fcr die Herausforderungen beim Umgang mit dem neuen Recht<\/p>\n","protected":false},"author":4,"featured_media":3667,"comment_status":"closed","ping_status":"open","sticky":false,"template":"","format":"standard","meta":{"_et_pb_use_builder":"","_et_pb_old_content":"","_et_gb_content_width":"","footnotes":""},"categories":[3,1,23],"tags":[],"class_list":["post-3666","post","type-post","status-publish","format-standard","has-post-thumbnail","hentry","category-aktuelle-meldung","category-aktuelles","category-datenschutz","et-has-post-format-content","et_post_format-et-post-format-standard"],"translation":{"provider":"WPGlobus","version":"3.0.2","language":"fr","enabled_languages":["de","fr","gb"],"languages":{"de":{"title":true,"content":true,"excerpt":false},"fr":{"title":false,"content":false,"excerpt":false},"gb":{"title":false,"content":false,"excerpt":false}}},"_links":{"self":[{"href":"https:\/\/emr-sb.de\/fr\/wp-json\/wp\/v2\/posts\/3666","targetHints":{"allow":["GET"]}}],"collection":[{"href":"https:\/\/emr-sb.de\/fr\/wp-json\/wp\/v2\/posts"}],"about":[{"href":"https:\/\/emr-sb.de\/fr\/wp-json\/wp\/v2\/types\/post"}],"author":[{"embeddable":true,"href":"https:\/\/emr-sb.de\/fr\/wp-json\/wp\/v2\/users\/4"}],"replies":[{"embeddable":true,"href":"https:\/\/emr-sb.de\/fr\/wp-json\/wp\/v2\/comments?post=3666"}],"version-history":[{"count":3,"href":"https:\/\/emr-sb.de\/fr\/wp-json\/wp\/v2\/posts\/3666\/revisions"}],"predecessor-version":[{"id":3670,"href":"https:\/\/emr-sb.de\/fr\/wp-json\/wp\/v2\/posts\/3666\/revisions\/3670"}],"wp:featuredmedia":[{"embeddable":true,"href":"https:\/\/emr-sb.de\/fr\/wp-json\/wp\/v2\/media\/3667"}],"wp:attachment":[{"href":"https:\/\/emr-sb.de\/fr\/wp-json\/wp\/v2\/media?parent=3666"}],"wp:term":[{"taxonomy":"category","embeddable":true,"href":"https:\/\/emr-sb.de\/fr\/wp-json\/wp\/v2\/categories?post=3666"},{"taxonomy":"post_tag","embeddable":true,"href":"https:\/\/emr-sb.de\/fr\/wp-json\/wp\/v2\/tags?post=3666"}],"curies":[{"name":"wp","href":"https:\/\/api.w.org\/{rel}","templated":true}]}}