{"id":3966,"date":"2018-07-05T14:26:43","date_gmt":"2018-07-05T12:26:43","guid":{"rendered":"https:\/\/emr-sb.de\/?p=3966"},"modified":"2018-07-05T14:26:43","modified_gmt":"2018-07-05T12:26:43","slug":"ep-stimmt-gegen-urheberrechtsvorschlag-des-rechtsausschusses","status":"publish","type":"post","link":"https:\/\/emr-sb.de\/fr\/ep-stimmt-gegen-urheberrechtsvorschlag-des-rechtsausschusses\/","title":{"rendered":"EP stimmt gegen Urheberrechtsvorschlag des Rechtsausschusses"},"content":{"rendered":"<p>Am 20. Juni 2018 hatte das Europ\u00e4ische Parlament gemeldet, dass es zu einer Einigung in der EU-Urheberrechtsreform gekommen sei, in deren Rahmen sich der EP-Rechtsausschuss mit\u00a014 zu 9 Stimmen auf eine Position geeinigt hat. Hier\u00fcber hatte das <a href=\"https:\/\/emr-sb.de\/eu-copyright-reform-einigung-im-rechtsausschuss-des-eu-parlaments-erzielt\/\" target=\"_blank\" rel=\"noopener\"><span style=\"text-decoration: underline;\">EMR in einem Beitrag berichtet<\/span>,<\/a>\u00a0aus dem sich auch der Inhalt des Einigungsvorschlags entnehmen l\u00e4sst.<\/p>\n<p>Um in die Trilogverhandlungen mit dem Rat und der Kommission treten zu k\u00f6nnen, h\u00e4tte die Entscheidung des Rechtausschusses allerdings in einer Plenarabstimmung des Europ\u00e4ischen Parlaments noch best\u00e4tigt werden m\u00fcssen. In seiner heutigen Sitzung vom 05. Juli 2018, hat das Europ\u00e4ische Parlament sich allerdings mit 318 Stimmen zu 278 Stimmen, bei 31 Enthaltungen gegen die Erteilung eines Verhandlungsmandats f\u00fcr das vom Rechtsausschuss vorgeschlagene Paket ausgesprochen.\u00a0<\/p>\n<div class=\"ep-p_text\"><span class=\"ep_name\">Das Parlament will die Urheberrechtsreform nun im September \u00fcberarbeiten, um den verschiedenen Interessenspositionen Rechnung zu tragen und gleichzeitig das Urheberrecht an das moderne digitale Umfeld anzupassen.<\/span><\/div>\n<div>\u00a0<\/div>\n<div>Die Pressemitteilung des Europ\u00e4ischen Parlaments ist abrufbar unter:<\/div>\n<p><a href=\"http:\/\/www.europarl.europa.eu\/news\/de\/press-room\/20180628IPR06809\/parlament-will-urheberrechtsreform-im-september-uberarbeiten\" target=\"_blank\" rel=\"noopener\">http:\/\/www.europarl.europa.eu\/news\/de\/press-room\/20180628IPR06809\/parlament-will-urheberrechtsreform-im-september-uberarbeiten<\/a><\/p>\n<p>&nbsp;<\/p>\n","protected":false},"excerpt":{"rendered":"<p>Am 20. Juni 2018 hatte das Europ\u00e4ische Parlament gemeldet, dass es zu einer Einigung in der EU-Urheberrechtsreform gekommen sei, in deren Rahmen sich der EP-Rechtsausschuss mit\u00a014 zu 9 Stimmen auf eine Position geeinigt hat. Hier\u00fcber hatte das EMR in einem Beitrag berichtet,\u00a0aus dem sich auch der Inhalt des Einigungsvorschlags entnehmen l\u00e4sst. Um in die Trilogverhandlungen [&hellip;]<\/p>\n","protected":false},"author":4,"featured_media":3967,"comment_status":"closed","ping_status":"open","sticky":false,"template":"","format":"standard","meta":{"_et_pb_use_builder":"","_et_pb_old_content":"","_et_gb_content_width":"","footnotes":""},"categories":[224,1,25],"tags":[],"class_list":["post-3966","post","type-post","status-publish","format-standard","has-post-thumbnail","hentry","category-nachrichten","category-aktuelles","category-urheberrecht","et-has-post-format-content","et_post_format-et-post-format-standard"],"translation":{"provider":"WPGlobus","version":"3.0.2","language":"fr","enabled_languages":["de","fr","gb"],"languages":{"de":{"title":true,"content":true,"excerpt":false},"fr":{"title":false,"content":false,"excerpt":false},"gb":{"title":false,"content":false,"excerpt":false}}},"_links":{"self":[{"href":"https:\/\/emr-sb.de\/fr\/wp-json\/wp\/v2\/posts\/3966","targetHints":{"allow":["GET"]}}],"collection":[{"href":"https:\/\/emr-sb.de\/fr\/wp-json\/wp\/v2\/posts"}],"about":[{"href":"https:\/\/emr-sb.de\/fr\/wp-json\/wp\/v2\/types\/post"}],"author":[{"embeddable":true,"href":"https:\/\/emr-sb.de\/fr\/wp-json\/wp\/v2\/users\/4"}],"replies":[{"embeddable":true,"href":"https:\/\/emr-sb.de\/fr\/wp-json\/wp\/v2\/comments?post=3966"}],"version-history":[{"count":2,"href":"https:\/\/emr-sb.de\/fr\/wp-json\/wp\/v2\/posts\/3966\/revisions"}],"predecessor-version":[{"id":3969,"href":"https:\/\/emr-sb.de\/fr\/wp-json\/wp\/v2\/posts\/3966\/revisions\/3969"}],"wp:featuredmedia":[{"embeddable":true,"href":"https:\/\/emr-sb.de\/fr\/wp-json\/wp\/v2\/media\/3967"}],"wp:attachment":[{"href":"https:\/\/emr-sb.de\/fr\/wp-json\/wp\/v2\/media?parent=3966"}],"wp:term":[{"taxonomy":"category","embeddable":true,"href":"https:\/\/emr-sb.de\/fr\/wp-json\/wp\/v2\/categories?post=3966"},{"taxonomy":"post_tag","embeddable":true,"href":"https:\/\/emr-sb.de\/fr\/wp-json\/wp\/v2\/tags?post=3966"}],"curies":[{"name":"wp","href":"https:\/\/api.w.org\/{rel}","templated":true}]}}