{"id":4106,"date":"2018-09-26T12:09:24","date_gmt":"2018-09-26T10:09:24","guid":{"rendered":"https:\/\/emr-sb.de\/?p=4106"},"modified":"2018-09-26T12:19:43","modified_gmt":"2018-09-26T10:19:43","slug":"eugh-generalanwalt-sieht-in-rundfunkbeitrag-keine-rechtswidrige-staatliche-beihilfe","status":"publish","type":"post","link":"https:\/\/emr-sb.de\/fr\/eugh-generalanwalt-sieht-in-rundfunkbeitrag-keine-rechtswidrige-staatliche-beihilfe\/","title":{"rendered":"EuGH: Generalanwalt sieht in Rundfunkbeitrag keine rechtswidrige staatliche Beihilfe"},"content":{"rendered":"<p>Generalanwalt Campos S\u00e1nchez-Bordona schl\u00e4gt im Rahmen des Schlussantrags in der Rechtssache C-492\/17 dem Gerichtshof vor, festzustellen, dass die \u00c4nderung des Kriteriums f\u00fcr die Entstehung des Beitrags zur Finanzierung der \u00f6ffentlich-rechtlichen Rundfunkanstalten in Deutschland keine rechtswidrige staatliche Beihilfe darstellt.<\/p>\n<p>Urspr\u00fcnglich hatte die Kommission in einer Entscheidung aus dem Jahre 2007 festgestellt, dass die Finanzierungsmethode des \u00f6ffentlich-rechtlichen Rundfunks in Deutschland als \u201ebestehende Beihilfe\u201c im Sinne des Unionsrechts eingestuft werden k\u00f6nne. Dies bedeutet, dass die Beihilfe vor Inkrafttreten des Vertrags bestand und auch nach diesem Zeitpunkt noch anwendbar ist.<\/p>\n<p>Im Jahr 2013 \u00e4nderte sich das Modell der Finanzierung des \u00f6ffentlich-rechtlichen Rundfunks, von einer auf Grundlage von Rundfunkempfangsger\u00e4ten berechneten Rundfunkgeb\u00fchr hin zu einem Rundfunkbeitrag.<\/p>\n<p>Das vorlegende Landgericht T\u00fcbingen ist nun der Ansicht, dass die gesetzliche \u00c4nderung der Finanzierungsgrundlage eine wesentliche Umgestaltung darstelle, die der Kommission h\u00e4tte mitgeteilt werden m\u00fcssen. Zudem sei die aus dieser Umgestaltung folgende Beihilfe unvereinbar mit dem Binnenmarkt. Auch habe sich mit der \u00c4nderung das Volumen der Finanzierung nicht unerheblich ver\u00e4ndert. Dar\u00fcber hinaus habe der \u00f6ffentlich-rechtliche Rundfunk noch weitere staatliche Beihilfen in Form von einer Reduzierung des Aufwandes und der Kosten im Rahmen von Vollstreckungshandlungen.<\/p>\n<p>In seinen Schlussantr\u00e4gen von heute macht Generalanwalt Manuel Campus S\u00e1nchez-Bordona deutlich, dass das deutsche Gesetz, durch das der Entstehungstatbestand f\u00fcr den Rundfunkbeitrag ge\u00e4ndert werde, keine \u00c4nderung einer bestehenden Beihilfe darstelle und daher keine neue Beihilfe\u00a0 schaffe, die bei der Kommission angemeldet und von ihr h\u00e4tte genehmigt werden m\u00fcssen. Der neue Rundfunkbeitrag sei keine wesentliche \u00c4nderung der bestehenden Regelung, da Empf\u00e4nger und objektive Elemente wie der Zweck der Ma\u00dfnahme unver\u00e4ndert bleiben w\u00fcrden. Auch die H\u00f6he der Finanzierung des \u00f6ffentlich-rechtlichen Rundfunks sei nicht von einer \u00c4nderung der Grundlage f\u00fcr die Bestimmung der Zahlungspflicht abh\u00e4ngig. Zudem w\u00fcrde der Mechanismus der Verwaltungsvollstreckung zur Beitreibung r\u00fcckst\u00e4ndiger Beitr\u00e4ge dem Unionsrecht nicht entgegenstehen. Die Kommission habe dieses System der Verwaltungsvollstreckung bereits in ihrer Entscheidung aus dem Jahr 2007 bedacht.<\/p>\n<p>&nbsp;<\/p>\n<p>Pressemitteilung:<\/p>\n<p><a href=\"https:\/\/curia.europa.eu\/jcms\/upload\/docs\/application\/pdf\/2018-09\/cp180140de.pdf\" class=\"mtli_attachment mtli_pdf\">https:\/\/curia.europa.eu\/jcms\/upload\/docs\/application\/pdf\/2018-09\/cp180140de.pdf<\/a><\/p>\n<p>&nbsp;<\/p>\n<p>Dokumente: http:\/\/curia.europa.eu\/juris\/liste.jsf?pro=&amp;lgrec=de&amp;nat=or&amp;oqp=&amp;dates=&amp;lg=&amp;language=de&amp;jur=C%2CT%2CF&amp;cit=none%252CC%252CCJ%252CR%252C2008E%252C%252C%252C%252C%252C%252C%252C%252C%252C%252Ctrue%252Cfalse%252Cfalse&amp;num=C-492%252F17&amp;td=%3BALL&amp;pcs=Oor&amp;avg=&amp;page=1&amp;mat=or&amp;jge=&amp;for=&amp;cid=1045171<\/p>\n<p>&nbsp;<\/p>\n<p>Bildquelle: Gerichtshof der Europ\u00e4ischen Union<\/p>\n","protected":false},"excerpt":{"rendered":"<p>Generalanwalt Campos S\u00e1nchez-Bordona schl\u00e4gt im Rahmen des Schlussantrags in der Rechtssache C-492\/17 dem Gerichtshof vor, festzustellen, dass die \u00c4nderung des Kriteriums f\u00fcr die Entstehung des Beitrags zur Finanzierung der \u00f6ffentlich-rechtlichen Rundfunkanstalten in Deutschland keine rechtswidrige staatliche Beihilfe darstellt. Urspr\u00fcnglich hatte die Kommission in einer Entscheidung aus dem Jahre 2007 festgestellt, dass die Finanzierungsmethode des \u00f6ffentlich-rechtlichen [&hellip;]<\/p>\n","protected":false},"author":1,"featured_media":4112,"comment_status":"closed","ping_status":"open","sticky":false,"template":"","format":"standard","meta":{"_et_pb_use_builder":"","_et_pb_old_content":"","_et_gb_content_width":"","footnotes":""},"categories":[224,1],"tags":[],"class_list":["post-4106","post","type-post","status-publish","format-standard","has-post-thumbnail","hentry","category-nachrichten","category-aktuelles","et-has-post-format-content","et_post_format-et-post-format-standard"],"translation":{"provider":"WPGlobus","version":"3.0.2","language":"fr","enabled_languages":["de","fr","gb"],"languages":{"de":{"title":true,"content":true,"excerpt":false},"fr":{"title":false,"content":false,"excerpt":false},"gb":{"title":false,"content":false,"excerpt":false}}},"_links":{"self":[{"href":"https:\/\/emr-sb.de\/fr\/wp-json\/wp\/v2\/posts\/4106","targetHints":{"allow":["GET"]}}],"collection":[{"href":"https:\/\/emr-sb.de\/fr\/wp-json\/wp\/v2\/posts"}],"about":[{"href":"https:\/\/emr-sb.de\/fr\/wp-json\/wp\/v2\/types\/post"}],"author":[{"embeddable":true,"href":"https:\/\/emr-sb.de\/fr\/wp-json\/wp\/v2\/users\/1"}],"replies":[{"embeddable":true,"href":"https:\/\/emr-sb.de\/fr\/wp-json\/wp\/v2\/comments?post=4106"}],"version-history":[{"count":3,"href":"https:\/\/emr-sb.de\/fr\/wp-json\/wp\/v2\/posts\/4106\/revisions"}],"predecessor-version":[{"id":4113,"href":"https:\/\/emr-sb.de\/fr\/wp-json\/wp\/v2\/posts\/4106\/revisions\/4113"}],"wp:featuredmedia":[{"embeddable":true,"href":"https:\/\/emr-sb.de\/fr\/wp-json\/wp\/v2\/media\/4112"}],"wp:attachment":[{"href":"https:\/\/emr-sb.de\/fr\/wp-json\/wp\/v2\/media?parent=4106"}],"wp:term":[{"taxonomy":"category","embeddable":true,"href":"https:\/\/emr-sb.de\/fr\/wp-json\/wp\/v2\/categories?post=4106"},{"taxonomy":"post_tag","embeddable":true,"href":"https:\/\/emr-sb.de\/fr\/wp-json\/wp\/v2\/tags?post=4106"}],"curies":[{"name":"wp","href":"https:\/\/api.w.org\/{rel}","templated":true}]}}