{"id":4143,"date":"2018-10-01T11:15:50","date_gmt":"2018-10-01T09:15:50","guid":{"rendered":"https:\/\/emr-sb.de\/?p=4143"},"modified":"2018-10-01T14:56:19","modified_gmt":"2018-10-01T12:56:19","slug":"landgericht-hamburg-bestaetigt-unterlassungsanspruch-sigmar-gabriels-gegen-pegida-galgen","status":"publish","type":"post","link":"https:\/\/emr-sb.de\/fr\/landgericht-hamburg-bestaetigt-unterlassungsanspruch-sigmar-gabriels-gegen-pegida-galgen\/","title":{"rendered":"Landgericht Hamburg best\u00e4tigt Unterlassungsanspruch Sigmar Gabriels gegen \u201ePegida-Galgen\u201c"},"content":{"rendered":"<p>Das Landgericht Hamburg hat der Unterlassungsklage des SPD-Politikers Sigmar Gabriel gegen den Verkauf von Miniaturholzgalgen mit der Beschriftung \u201eReserviert \u2013 Sigmar \u201aDas Pack\u2018 Gabriel&#8221; stattgegeben (Urt. v. 28.09.2018, Az. 324 O 53\/18). Nach Entscheidung des Gerichts verletzt der Verkauf des Galgens in einem Online-Shop des Beklagten das allgemeine Pers\u00f6nlichkeitsrecht Sigmar Gabriels. Dieser m\u00fcsse auch als ehemaliger Spitzenpolitiker einen unmittelbaren Angriff, in dessen Rahmen die Forderung einer Hinrichtung als Volksverr\u00e4ter steht, nicht hinnehmen.<\/p>\n<p>Der Beklagte Online-H\u00e4ndler hatte bis Ende 2017 den etwa 35 cm gro\u00dfen Miniaturgalgen mit der Aufschrift \u201eReserviert- Sigmar \u201aDas Pack\u2018 Gabriel&#8221; zum Preis von \u20ac 29,95 zum Kauf angeboten. Auf der Innenseite des Galgens war die Aufschrift \u201eVolksverr\u00e4ter\u201c angebracht. Im Dezember 2017 erging eine einstweilige Verf\u00fcgung gegen den Verkauf, diese wurde nun best\u00e4tigt.<\/p>\n<p>Der Entscheidung liegt eine Abw\u00e4gung zwischen der Meinungsfreiheit und dem allgemeinen Pers\u00f6nlichkeitsrecht des Kl\u00e4gers zugrunde. Die Kritik des Beklagten an der Fl\u00fcchtlingspolitik der Bundesregierung und an der Rolle des Kl\u00e4gers als damaliger Bundesminister und Vizekanzler sei zwar f\u00fcr sich genommen von der Meinungsfreiheit gesch\u00fctzt. Die Gestaltung des Galgens gehe jedoch weit dar\u00fcber hinaus, indem nicht nur der Tod des Kl\u00e4gers gebilligt, sondern seine Hinrichtung bef\u00fcrwortet werde. Die Aufschrift \u201eVolksverr\u00e4ter&#8221; sei als Anspielung auf die Prozesse vor dem Volksgerichtshof w\u00e4hrend der Zeit des Nationalsozialismus zu verstehen.<\/p>\n<p>Die Entscheidung des Landgerichts Hamburg ist noch nicht rechtskr\u00e4ftig. \u00dcber eine Berufung des Beklagten h\u00e4tte das Hanseatische Oberlandesgericht zu entscheiden.<\/p>\n<p>&nbsp;<\/p>\n<p>Pressemitteilung des LG-Hamburg:<\/p>\n<p>https:\/\/justiz.hamburg.de\/pressemitteilungen\/11684464\/pressemitteilung-2018-09-28-olg-01\/<\/p>\n","protected":false},"excerpt":{"rendered":"<p>Das Landgericht Hamburg hat der Unterlassungsklage des SPD-Politikers Sigmar Gabriel gegen den Verkauf von Miniaturholzgalgen mit der Beschriftung \u201eReserviert \u2013 Sigmar \u201aDas Pack\u2018 Gabriel&#8221; stattgegeben (Urt. v. 28.09.2018, Az. 324 O 53\/18). Nach Entscheidung des Gerichts verletzt der Verkauf des Galgens in einem Online-Shop des Beklagten das allgemeine Pers\u00f6nlichkeitsrecht Sigmar Gabriels. Dieser m\u00fcsse auch als [&hellip;]<\/p>\n","protected":false},"author":1,"featured_media":4144,"comment_status":"closed","ping_status":"open","sticky":false,"template":"","format":"standard","meta":{"_et_pb_use_builder":"","_et_pb_old_content":"","_et_gb_content_width":"","footnotes":""},"categories":[224,1,28],"tags":[],"class_list":["post-4143","post","type-post","status-publish","format-standard","has-post-thumbnail","hentry","category-nachrichten","category-aktuelles","category-e-commerce","et-has-post-format-content","et_post_format-et-post-format-standard"],"translation":{"provider":"WPGlobus","version":"3.0.2","language":"fr","enabled_languages":["de","fr","gb"],"languages":{"de":{"title":true,"content":true,"excerpt":false},"fr":{"title":false,"content":false,"excerpt":false},"gb":{"title":false,"content":false,"excerpt":false}}},"_links":{"self":[{"href":"https:\/\/emr-sb.de\/fr\/wp-json\/wp\/v2\/posts\/4143","targetHints":{"allow":["GET"]}}],"collection":[{"href":"https:\/\/emr-sb.de\/fr\/wp-json\/wp\/v2\/posts"}],"about":[{"href":"https:\/\/emr-sb.de\/fr\/wp-json\/wp\/v2\/types\/post"}],"author":[{"embeddable":true,"href":"https:\/\/emr-sb.de\/fr\/wp-json\/wp\/v2\/users\/1"}],"replies":[{"embeddable":true,"href":"https:\/\/emr-sb.de\/fr\/wp-json\/wp\/v2\/comments?post=4143"}],"version-history":[{"count":3,"href":"https:\/\/emr-sb.de\/fr\/wp-json\/wp\/v2\/posts\/4143\/revisions"}],"predecessor-version":[{"id":4147,"href":"https:\/\/emr-sb.de\/fr\/wp-json\/wp\/v2\/posts\/4143\/revisions\/4147"}],"wp:featuredmedia":[{"embeddable":true,"href":"https:\/\/emr-sb.de\/fr\/wp-json\/wp\/v2\/media\/4144"}],"wp:attachment":[{"href":"https:\/\/emr-sb.de\/fr\/wp-json\/wp\/v2\/media?parent=4143"}],"wp:term":[{"taxonomy":"category","embeddable":true,"href":"https:\/\/emr-sb.de\/fr\/wp-json\/wp\/v2\/categories?post=4143"},{"taxonomy":"post_tag","embeddable":true,"href":"https:\/\/emr-sb.de\/fr\/wp-json\/wp\/v2\/tags?post=4143"}],"curies":[{"name":"wp","href":"https:\/\/api.w.org\/{rel}","templated":true}]}}