{"id":4199,"date":"2018-10-26T10:41:23","date_gmt":"2018-10-26T08:41:23","guid":{"rendered":"https:\/\/emr-sb.de\/?p=4199"},"modified":"2018-10-26T10:42:49","modified_gmt":"2018-10-26T08:42:49","slug":"bverwg-kein-auskunftsanspruch-fuer-presse-gegenueber-bundestag-zu-immunitaetsangelegenheiten","status":"publish","type":"post","link":"https:\/\/emr-sb.de\/fr\/bverwg-kein-auskunftsanspruch-fuer-presse-gegenueber-bundestag-zu-immunitaetsangelegenheiten\/","title":{"rendered":"BVerwG: Kein Auskunftsanspruch f\u00fcr Presse gegen\u00fcber Bundestag zu Immunit\u00e4tsangelegenheiten"},"content":{"rendered":"<p>Journalisten haben gegen\u00fcber dem Bundestag keinen Anspruch auf Auskunft zu Immunit\u00e4tsangelegenheiten. Das hat das Bundesverwaltungsgericht in Leipzig mit Urteil vom 25. Oktober 2018 &#8211; BVerwG 7 C 6.17 &#8211; entschieden.<\/p>\n<p>Geklagt hatte ein Redakteur einer Tageszeitung. Er beantragte die Erteilung von Ausk\u00fcnften zu Immunit\u00e4tsangelegenheiten des Deutschen Bundestages. Das Oberverwaltungsgericht Berlin hatte ein zuvor stattgebendes Urteil des Verwaltungsgerichts Berlin aufgehoben. Immunit\u00e4tsangelegenheiten als eigene Angelegenheiten des Parlaments seien vom Anwendungsbereich des auf Verwaltungshandeln beschr\u00e4nkten presserechtlichen Auskunftsanspruchs ausgenommen.<\/p>\n<p>Das Bundesverwaltungsgericht hat die Revision des Kl\u00e4gers nun zur\u00fcckgewiesen. Der presserechtliche Auskunftsanspruch richtet sich gegen Bundesbeh\u00f6rden. Parlamentarische Angelegenheiten wie Immunit\u00e4tsangelegenheiten sind von dem verfassungsunmittelbaren Auskunftsanspruch nicht erfasst.<\/p>\n<p>&nbsp;<\/p>\n<p>Link zur Pressemitteilung des Bundesverwaltungsgerichts:<\/p>\n<p>https:\/\/www.bverwg.de\/de\/pm\/2018\/75<\/p>\n<p>&nbsp;<\/p>\n","protected":false},"excerpt":{"rendered":"<p>Journalisten haben gegen\u00fcber dem Bundestag keinen Anspruch auf Auskunft zu Immunit\u00e4tsangelegenheiten. Das hat das Bundesverwaltungsgericht in Leipzig mit Urteil vom 25. Oktober 2018 &#8211; BVerwG 7 C 6.17 &#8211; entschieden. Geklagt hatte ein Redakteur einer Tageszeitung. Er beantragte die Erteilung von Ausk\u00fcnften zu Immunit\u00e4tsangelegenheiten des Deutschen Bundestages. Das Oberverwaltungsgericht Berlin hatte ein zuvor stattgebendes Urteil [&hellip;]<\/p>\n","protected":false},"author":1,"featured_media":4007,"comment_status":"closed","ping_status":"open","sticky":false,"template":"","format":"standard","meta":{"_et_pb_use_builder":"","_et_pb_old_content":"","_et_gb_content_width":"","footnotes":""},"categories":[224,1,218],"tags":[],"class_list":["post-4199","post","type-post","status-publish","format-standard","has-post-thumbnail","hentry","category-nachrichten","category-aktuelles","category-presserecht","et-has-post-format-content","et_post_format-et-post-format-standard"],"translation":{"provider":"WPGlobus","version":"3.0.2","language":"fr","enabled_languages":["de","fr","gb"],"languages":{"de":{"title":true,"content":true,"excerpt":false},"fr":{"title":false,"content":false,"excerpt":false},"gb":{"title":false,"content":false,"excerpt":false}}},"_links":{"self":[{"href":"https:\/\/emr-sb.de\/fr\/wp-json\/wp\/v2\/posts\/4199","targetHints":{"allow":["GET"]}}],"collection":[{"href":"https:\/\/emr-sb.de\/fr\/wp-json\/wp\/v2\/posts"}],"about":[{"href":"https:\/\/emr-sb.de\/fr\/wp-json\/wp\/v2\/types\/post"}],"author":[{"embeddable":true,"href":"https:\/\/emr-sb.de\/fr\/wp-json\/wp\/v2\/users\/1"}],"replies":[{"embeddable":true,"href":"https:\/\/emr-sb.de\/fr\/wp-json\/wp\/v2\/comments?post=4199"}],"version-history":[{"count":2,"href":"https:\/\/emr-sb.de\/fr\/wp-json\/wp\/v2\/posts\/4199\/revisions"}],"predecessor-version":[{"id":4201,"href":"https:\/\/emr-sb.de\/fr\/wp-json\/wp\/v2\/posts\/4199\/revisions\/4201"}],"wp:featuredmedia":[{"embeddable":true,"href":"https:\/\/emr-sb.de\/fr\/wp-json\/wp\/v2\/media\/4007"}],"wp:attachment":[{"href":"https:\/\/emr-sb.de\/fr\/wp-json\/wp\/v2\/media?parent=4199"}],"wp:term":[{"taxonomy":"category","embeddable":true,"href":"https:\/\/emr-sb.de\/fr\/wp-json\/wp\/v2\/categories?post=4199"},{"taxonomy":"post_tag","embeddable":true,"href":"https:\/\/emr-sb.de\/fr\/wp-json\/wp\/v2\/tags?post=4199"}],"curies":[{"name":"wp","href":"https:\/\/api.w.org\/{rel}","templated":true}]}}