{"id":4202,"date":"2018-10-26T11:22:26","date_gmt":"2018-10-26T09:22:26","guid":{"rendered":"https:\/\/emr-sb.de\/?p=4202"},"modified":"2018-10-26T11:22:26","modified_gmt":"2018-10-26T09:22:26","slug":"bverfg-recht-auf-gehoer-fuer-die-gegenseite-muss-grundsaetzlich-auch-bei-presserechtlichen-eilverfahren-gewaehrt-werden","status":"publish","type":"post","link":"https:\/\/emr-sb.de\/fr\/bverfg-recht-auf-gehoer-fuer-die-gegenseite-muss-grundsaetzlich-auch-bei-presserechtlichen-eilverfahren-gewaehrt-werden\/","title":{"rendered":"BVerfG: Recht auf Geh\u00f6r f\u00fcr die Gegenseite muss grunds\u00e4tzlich auch bei presserechtlichen Eilverfahren gew\u00e4hrt werden"},"content":{"rendered":"<p>Aus dem grundrechtsgleichen Recht auf prozessuale Waffengleichheit folgt, dass ein Gericht im Presse- und \u00c4u\u00dferungsrecht grunds\u00e4tzlich vor einer stattgebenden Entscheidung \u00fcber den Antrag einer Partei der Gegenseite Recht auf Geh\u00f6r gew\u00e4hren muss. Dies entschied heute das Bundesverfassungsgericht mit Beschl\u00fcssen zu zwei Verfassungsbeschwerden (1 BvR 1783\/17, 1 BvR 2421\/17).<\/p>\n<p>In beiden F\u00e4llen wurden Medienakteure im Rahmen von Eilverfahren ohne Anh\u00f6rung oder vorprozessuale Abmahnung per einstweiliger Verf\u00fcgung zur Unterlassung bzw. zu Gegendarstellungen verpflichtet. In beiden F\u00e4llen erhielten die Beschwerdef\u00fchrer erst nach Zustellung der Beschl\u00fcsse Kenntnis \u00fcber die Verfahren. In einem Fall wurden dem Antragsteller des urspr\u00fcnglichen Eilverfahrens sogar mehrfach telefonisch rechtliche Hinweise erteilt, ohne dass dies dem Beschwerdef\u00fchrer kenntlich gemacht wurde.<\/p>\n<p>Das Bundesverfassungsgericht entschied nun, dass auch bei einer grunds\u00e4tzlich anzuerkennenden Eilbed\u00fcrftigkeit in Pressesachen, hieraus kein schutzw\u00fcrdiges Interesse an einer f\u00fcr die Gegenseite verborgenen Geltendmachung von Unterlassungsanspr\u00fcchen folgt. Ebenso wenig gilt dies im Gegendarstellungsrecht, wenn es um eine bereits ver\u00f6ffentlichte \u00c4u\u00dferung geht. Hierbei besteht regelm\u00e4\u00dfig kein Grund, von einer Anh\u00f6rung und \u00c4u\u00dferungsm\u00f6glichkeit eines Antragsgegners vor dem Erlass einer einstweiligen Verf\u00fcgung abzusehen. M\u00f6glichkeiten zur Gew\u00e4hrung rechtlichen Geh\u00f6rs g\u00e4be es auch im Rahmen von Eilverfahren ohne m\u00fcndliche Entscheidung.<\/p>\n<p>&nbsp;<\/p>\n<p>Link zur Pressemitteilung:<\/p>\n<p><a href=\"https:\/\/www.bundesverfassungsgericht.de\/SharedDocs\/Pressemitteilungen\/DE\/2018\/bvg18-078.html\">https:\/\/www.bundesverfassungsgericht.de\/SharedDocs\/Pressemitteilungen\/DE\/2018\/bvg18-078.html<\/a><\/p>\n<p>Link zur Entscheidung &#8211; 1 BvR 2421\/17 -:<\/p>\n<p><a href=\"https:\/\/www.bundesverfassungsgericht.de\/SharedDocs\/Entscheidungen\/DE\/2018\/09\/rk20180930_1bvr242117.html\">https:\/\/www.bundesverfassungsgericht.de\/SharedDocs\/Entscheidungen\/DE\/2018\/09\/rk20180930_1bvr242117.html<\/a><\/p>\n<p>Link zur Entscheidung \u2013 1 BvR 1783\/17 -:<\/p>\n<p><a href=\"https:\/\/www.bundesverfassungsgericht.de\/SharedDocs\/Entscheidungen\/DE\/2018\/09\/rk20180930_1bvr178317.html\">https:\/\/www.bundesverfassungsgericht.de\/SharedDocs\/Entscheidungen\/DE\/2018\/09\/rk20180930_1bvr178317.html<\/a><\/p>\n<p>&nbsp;<\/p>\n","protected":false},"excerpt":{"rendered":"<p>Aus dem grundrechtsgleichen Recht auf prozessuale Waffengleichheit folgt, dass ein Gericht im Presse- und \u00c4u\u00dferungsrecht grunds\u00e4tzlich vor einer stattgebenden Entscheidung \u00fcber den Antrag einer Partei der Gegenseite Recht auf Geh\u00f6r gew\u00e4hren muss. Dies entschied heute das Bundesverfassungsgericht mit Beschl\u00fcssen zu zwei Verfassungsbeschwerden (1 BvR 1783\/17, 1 BvR 2421\/17). In beiden F\u00e4llen wurden Medienakteure im Rahmen [&hellip;]<\/p>\n","protected":false},"author":1,"featured_media":4068,"comment_status":"closed","ping_status":"open","sticky":false,"template":"","format":"standard","meta":{"_et_pb_use_builder":"","_et_pb_old_content":"","_et_gb_content_width":"","footnotes":""},"categories":[224,1,218],"tags":[],"class_list":["post-4202","post","type-post","status-publish","format-standard","has-post-thumbnail","hentry","category-nachrichten","category-aktuelles","category-presserecht","et-has-post-format-content","et_post_format-et-post-format-standard"],"translation":{"provider":"WPGlobus","version":"3.0.2","language":"fr","enabled_languages":["de","fr","gb"],"languages":{"de":{"title":true,"content":true,"excerpt":false},"fr":{"title":false,"content":false,"excerpt":false},"gb":{"title":false,"content":false,"excerpt":false}}},"_links":{"self":[{"href":"https:\/\/emr-sb.de\/fr\/wp-json\/wp\/v2\/posts\/4202","targetHints":{"allow":["GET"]}}],"collection":[{"href":"https:\/\/emr-sb.de\/fr\/wp-json\/wp\/v2\/posts"}],"about":[{"href":"https:\/\/emr-sb.de\/fr\/wp-json\/wp\/v2\/types\/post"}],"author":[{"embeddable":true,"href":"https:\/\/emr-sb.de\/fr\/wp-json\/wp\/v2\/users\/1"}],"replies":[{"embeddable":true,"href":"https:\/\/emr-sb.de\/fr\/wp-json\/wp\/v2\/comments?post=4202"}],"version-history":[{"count":2,"href":"https:\/\/emr-sb.de\/fr\/wp-json\/wp\/v2\/posts\/4202\/revisions"}],"predecessor-version":[{"id":4324,"href":"https:\/\/emr-sb.de\/fr\/wp-json\/wp\/v2\/posts\/4202\/revisions\/4324"}],"wp:featuredmedia":[{"embeddable":true,"href":"https:\/\/emr-sb.de\/fr\/wp-json\/wp\/v2\/media\/4068"}],"wp:attachment":[{"href":"https:\/\/emr-sb.de\/fr\/wp-json\/wp\/v2\/media?parent=4202"}],"wp:term":[{"taxonomy":"category","embeddable":true,"href":"https:\/\/emr-sb.de\/fr\/wp-json\/wp\/v2\/categories?post=4202"},{"taxonomy":"post_tag","embeddable":true,"href":"https:\/\/emr-sb.de\/fr\/wp-json\/wp\/v2\/tags?post=4202"}],"curies":[{"name":"wp","href":"https:\/\/api.w.org\/{rel}","templated":true}]}}