{"id":4351,"date":"2018-12-06T16:24:11","date_gmt":"2018-12-06T15:24:11","guid":{"rendered":"https:\/\/emr-sb.de\/?p=4351"},"modified":"2018-12-06T16:25:59","modified_gmt":"2018-12-06T15:25:59","slug":"eu-legt-aktionsplan-gegen-desinformation-vor","status":"publish","type":"post","link":"https:\/\/emr-sb.de\/fr\/eu-legt-aktionsplan-gegen-desinformation-vor\/","title":{"rendered":"EU legt Aktionsplan gegen Desinformation vor"},"content":{"rendered":"<p>Nach der Mitteilung der EU-Kommission zum Thema \u201etackling online disinformation\u201c im April 2018 (vgl. hierzu den Bericht des EMR unter <a href=\"https:\/\/emr-sb.de\/eu-kommission-tackling-online-disinformation\/\">https:\/\/emr-sb.de\/eu-kommission-tackling-online-disinformation\/<\/a>) und dem von Online-Plattformen unterzeichneten \u201ecode of practice\u201c gegen Desinformation im September 2018 (vgl. hierzu den Bericht des EMR unter <a href=\"https:\/\/emr-sb.de\/online-plattformen-unterzeichnen-code-of-practice-gegen-desinformation\/\">https:\/\/emr-sb.de\/online-plattformen-unterzeichnen-code-of-practice-gegen-desinformation\/<\/a>) hat die Europ\u00e4ische Union am 05. Dezember 2018 einen Aktionsplan gegen Desinformation vorgelegt.<\/p>\n<p>Darin schlagen die EU-Kommission und die Hohe Vertreterin f\u00fcr Au\u00dfen- und Sicherheitspolitik Frederica Mogherini konkrete Ma\u00dfnahmen zur Bek\u00e4mpfung von Desinformation vor. Diese umfassen unter anderem die Einrichtung eines Fr\u00fchwarnsystems, die enge \u00dcberwachung der Umsetzung des von den Online-Plattformen unterzeichneten Verhaltenskodex sowie eine Aufstockung der Mittel hierf\u00fcr.<\/p>\n<p>So sollen u.a. die Haushaltsmittel f\u00fcr die Strategische Kommunikation des EAD zur Bek\u00e4mpfung von Desinformation von 1,9 Mio. Euro auf 5 Mio. Euro erh\u00f6hrt werden. Zudem sollen\u00a0 der Austausch \u00fcber Daten zwischen den Mitgliedsstaaten erleichtert sowie zus\u00e4tzlich F\u00f6rdermittel f\u00fcr Medienkompetenzprojekte bereitgestellt werden.<\/p>\n<p>&nbsp;<\/p>\n<p>Die Pressemitteilung der Europ\u00e4ischen Kommission ist (in deutscher Sprache) abrufbar unter:<\/p>\n<p><a href=\"http:\/\/europa.eu\/rapid\/press-release_IP-18-6647_de.htm\">http:\/\/europa.eu\/rapid\/press-release_IP-18-6647_de.htm<\/a><\/p>\n<p>&nbsp;<\/p>\n<p>&nbsp;<\/p>\n","protected":false},"excerpt":{"rendered":"<p>Nach der Mitteilung der EU-Kommission zum Thema \u201etackling online disinformation\u201c im April 2018 (vgl. hierzu den Bericht des EMR unter https:\/\/emr-sb.de\/eu-kommission-tackling-online-disinformation\/) und dem von Online-Plattformen unterzeichneten \u201ecode of practice\u201c gegen Desinformation im September 2018 (vgl. hierzu den Bericht des EMR unter https:\/\/emr-sb.de\/online-plattformen-unterzeichnen-code-of-practice-gegen-desinformation\/) hat die Europ\u00e4ische Union am 05. Dezember 2018 einen Aktionsplan gegen Desinformation vorgelegt. [&hellip;]<\/p>\n","protected":false},"author":1,"featured_media":4019,"comment_status":"closed","ping_status":"open","sticky":false,"template":"","format":"standard","meta":{"_et_pb_use_builder":"","_et_pb_old_content":"","_et_gb_content_width":"","footnotes":""},"categories":[224,1],"tags":[],"class_list":["post-4351","post","type-post","status-publish","format-standard","has-post-thumbnail","hentry","category-nachrichten","category-aktuelles","et-has-post-format-content","et_post_format-et-post-format-standard"],"translation":{"provider":"WPGlobus","version":"3.0.2","language":"fr","enabled_languages":["de","fr","gb"],"languages":{"de":{"title":true,"content":true,"excerpt":false},"fr":{"title":false,"content":false,"excerpt":false},"gb":{"title":false,"content":false,"excerpt":false}}},"_links":{"self":[{"href":"https:\/\/emr-sb.de\/fr\/wp-json\/wp\/v2\/posts\/4351","targetHints":{"allow":["GET"]}}],"collection":[{"href":"https:\/\/emr-sb.de\/fr\/wp-json\/wp\/v2\/posts"}],"about":[{"href":"https:\/\/emr-sb.de\/fr\/wp-json\/wp\/v2\/types\/post"}],"author":[{"embeddable":true,"href":"https:\/\/emr-sb.de\/fr\/wp-json\/wp\/v2\/users\/1"}],"replies":[{"embeddable":true,"href":"https:\/\/emr-sb.de\/fr\/wp-json\/wp\/v2\/comments?post=4351"}],"version-history":[{"count":3,"href":"https:\/\/emr-sb.de\/fr\/wp-json\/wp\/v2\/posts\/4351\/revisions"}],"predecessor-version":[{"id":4354,"href":"https:\/\/emr-sb.de\/fr\/wp-json\/wp\/v2\/posts\/4351\/revisions\/4354"}],"wp:featuredmedia":[{"embeddable":true,"href":"https:\/\/emr-sb.de\/fr\/wp-json\/wp\/v2\/media\/4019"}],"wp:attachment":[{"href":"https:\/\/emr-sb.de\/fr\/wp-json\/wp\/v2\/media?parent=4351"}],"wp:term":[{"taxonomy":"category","embeddable":true,"href":"https:\/\/emr-sb.de\/fr\/wp-json\/wp\/v2\/categories?post=4351"},{"taxonomy":"post_tag","embeddable":true,"href":"https:\/\/emr-sb.de\/fr\/wp-json\/wp\/v2\/tags?post=4351"}],"curies":[{"name":"wp","href":"https:\/\/api.w.org\/{rel}","templated":true}]}}