{"id":4365,"date":"2018-12-13T11:02:05","date_gmt":"2018-12-13T10:02:05","guid":{"rendered":"https:\/\/emr-sb.de\/?p=4365"},"modified":"2018-12-13T11:02:05","modified_gmt":"2018-12-13T10:02:05","slug":"eugh-deutscher-rundfunkbeitrag-ist-mit-unionsrecht-vereinbar","status":"publish","type":"post","link":"https:\/\/emr-sb.de\/fr\/eugh-deutscher-rundfunkbeitrag-ist-mit-unionsrecht-vereinbar\/","title":{"rendered":"EuGH: Deutscher Rundfunkbeitrag ist mit Unionsrecht vereinbar"},"content":{"rendered":"<p>Die Richter des Europ\u00e4ischen Gerichtshof folgen der Einsch\u00e4tzung des Generalanwalt Campos S\u00e1nchez-Bordona in Sachen Rundfunkbeitrag. Dieser hatte im Rahmen des Schlussantrags in der Rechtsssache C-492\/17 dem Gerichtshof vorgeschlagen, festzustellen, dass die \u00c4nderung des Kriteriums f\u00fcr die Entstehung des Beitrags zur Finanzierung der \u00f6ffentlich-rechtlichen Rundfunkanstalten in Deutschland keine rechtswidrige staatliche Beihilfe darstellt. \u00a0(Wir berichteten im Rahmen eines aktuellen Stichworts, abrufbar unter: <a href=\"https:\/\/emr-sb.de\/das-aktuelle-stichwort-der-rundfunkbeitrag-auch-eu-verfassungsfest\/\">https:\/\/emr-sb.de\/das-aktuelle-stichwort-der-rundfunkbeitrag-auch-eu-verfassungsfest\/<\/a>)<\/p>\n<p>Das Landgericht T\u00fcbingen hatte den Fall dem EuGH vorgelegt. Mit seinem Urteil vom 13.12.2018 stellt der Gerichtshof nun fest, dass die Ersetzung der Rundfunkgeb\u00fchr durch den Rundfunkbeitrag keine erhebliche \u00c4nderung der Finanzierungsregelung f\u00fcr den \u00f6ffentlich-rechtlichen Rundfunk in Deutschland darstellt. Es war daher nicht erforderlich, die Kommission von dieser \u00c4nderung als \u00c4nderung einer bestehenden Beihilfe zu unterrichten.<\/p>\n<p>&nbsp;<\/p>\n<p>Die Pressemitteilung des EuGH ist abrufbar unter:<\/p>\n<p><a href=\"https:\/\/curia.europa.eu\/jcms\/upload\/docs\/application\/pdf\/2018-12\/cp180202de.pdf\" class=\"mtli_attachment mtli_pdf\">https:\/\/curia.europa.eu\/jcms\/upload\/docs\/application\/pdf\/2018-12\/cp180202de.pdf<\/a><\/p>\n<p>&nbsp;<\/p>\n","protected":false},"excerpt":{"rendered":"<p>Die Richter des Europ\u00e4ischen Gerichtshof folgen der Einsch\u00e4tzung des Generalanwalt Campos S\u00e1nchez-Bordona in Sachen Rundfunkbeitrag. Dieser hatte im Rahmen des Schlussantrags in der Rechtsssache C-492\/17 dem Gerichtshof vorgeschlagen, festzustellen, dass die \u00c4nderung des Kriteriums f\u00fcr die Entstehung des Beitrags zur Finanzierung der \u00f6ffentlich-rechtlichen Rundfunkanstalten in Deutschland keine rechtswidrige staatliche Beihilfe darstellt. \u00a0(Wir berichteten im Rahmen [&hellip;]<\/p>\n","protected":false},"author":1,"featured_media":3059,"comment_status":"closed","ping_status":"open","sticky":false,"template":"","format":"standard","meta":{"_et_pb_use_builder":"","_et_pb_old_content":"","_et_gb_content_width":"","footnotes":""},"categories":[224,1,220],"tags":[],"class_list":["post-4365","post","type-post","status-publish","format-standard","has-post-thumbnail","hentry","category-nachrichten","category-aktuelles","category-rundfunkrecht","et-has-post-format-content","et_post_format-et-post-format-standard"],"translation":{"provider":"WPGlobus","version":"3.0.2","language":"fr","enabled_languages":["de","fr","gb"],"languages":{"de":{"title":true,"content":true,"excerpt":false},"fr":{"title":false,"content":false,"excerpt":false},"gb":{"title":false,"content":false,"excerpt":false}}},"_links":{"self":[{"href":"https:\/\/emr-sb.de\/fr\/wp-json\/wp\/v2\/posts\/4365","targetHints":{"allow":["GET"]}}],"collection":[{"href":"https:\/\/emr-sb.de\/fr\/wp-json\/wp\/v2\/posts"}],"about":[{"href":"https:\/\/emr-sb.de\/fr\/wp-json\/wp\/v2\/types\/post"}],"author":[{"embeddable":true,"href":"https:\/\/emr-sb.de\/fr\/wp-json\/wp\/v2\/users\/1"}],"replies":[{"embeddable":true,"href":"https:\/\/emr-sb.de\/fr\/wp-json\/wp\/v2\/comments?post=4365"}],"version-history":[{"count":2,"href":"https:\/\/emr-sb.de\/fr\/wp-json\/wp\/v2\/posts\/4365\/revisions"}],"predecessor-version":[{"id":4367,"href":"https:\/\/emr-sb.de\/fr\/wp-json\/wp\/v2\/posts\/4365\/revisions\/4367"}],"wp:featuredmedia":[{"embeddable":true,"href":"https:\/\/emr-sb.de\/fr\/wp-json\/wp\/v2\/media\/3059"}],"wp:attachment":[{"href":"https:\/\/emr-sb.de\/fr\/wp-json\/wp\/v2\/media?parent=4365"}],"wp:term":[{"taxonomy":"category","embeddable":true,"href":"https:\/\/emr-sb.de\/fr\/wp-json\/wp\/v2\/categories?post=4365"},{"taxonomy":"post_tag","embeddable":true,"href":"https:\/\/emr-sb.de\/fr\/wp-json\/wp\/v2\/tags?post=4365"}],"curies":[{"name":"wp","href":"https:\/\/api.w.org\/{rel}","templated":true}]}}