{"id":4392,"date":"2018-12-19T17:11:41","date_gmt":"2018-12-19T16:11:41","guid":{"rendered":"https:\/\/emr-sb.de\/?p=4392"},"modified":"2018-12-19T17:24:24","modified_gmt":"2018-12-19T16:24:24","slug":"eugh-generalanwalt-sieht-betreiber-einer-webseite-fuer-datenverarbeitung-eines-facebook-plugins-mitverantwortlich","status":"publish","type":"post","link":"https:\/\/emr-sb.de\/fr\/eugh-generalanwalt-sieht-betreiber-einer-webseite-fuer-datenverarbeitung-eines-facebook-plugins-mitverantwortlich\/","title":{"rendered":"EuGH: Generalanwalt sieht Betreiber einer Webseite f\u00fcr Datenverarbeitung eines Facebook-Plugins mitverantwortlich"},"content":{"rendered":"<p>Generalanwalt Bobek schl\u00e4gt in seinen Schlussantr\u00e4gen vom 19. Dezember 2018 dem Europ\u00e4ischen Gerichtshof vor zu entscheiden, dass die fr\u00fchere Richtlinie 95\/46\/EG (auf den Fall noch anwendbar, jedoch mittlerweile ersetzt durch die DS-GVO) einer nationalen Regelung nicht entgegenstehe, die gemeinn\u00fctzigen Verb\u00e4nden die Befugnis einr\u00e4ume, zur Wahrung der Interessen der Verbraucher gegen datenschutzrechtliche Verst\u00f6\u00dfe vorzugehen. Zudem sei ein Betreiber einer Webseite, der ein von einem Dritten bereitgestelltes Plugin eingebunden habe, f\u00fcr dessen Erhebung und \u00dcbermittlung personenbezogenen Daten mitverantwortlich.<\/p>\n<p>Im vorliegenden Fall hatte der deutsche Online-H\u00e4ndler f\u00fcr Modeartikel <em>Fashion-ID <\/em>auf seiner Internetseite einen <em>Facebook-\u201eGef\u00e4llt mir\u201c-Button<\/em> per Plugin eingebunden. Die Verbraucherzentrale NRW hatte eine Unterlassungsklage erhoben und begr\u00fcndete dies mit einem Versto\u00df gegen Datenschutzrecht durch die Verwendung des Plugins. Das Oberlandesgericht D\u00fcsseldorf hatte den Fall den Richtern in Luxemburg vorgelegt.<\/p>\n<p>Der Generalanwalt sieht nun unter Hinweis auf den k\u00fcrzlich entschiedenen Fall der Wirtschaftsakademie Schleswig-Holstein eine gemeinsame Verantwortung f\u00fcr Webseitenbetreiber und Social-Media-Anbieter. Diese soll sich f\u00fcr den Seitenbetreiber, der das Plugin einbindet jedoch nur auf die Verarbeitungsvorg\u00e4nge beschr\u00e4nken, f\u00fcr die er tats\u00e4chlich einen Beitrag zur Entscheidung leistet.<\/p>\n<p>Eine gemeinsame Verantwortung bestehe auch, obwohl die Zweckidentit\u00e4t der Datenerhebung von Seitenbetreibern und Plugin-Anbietern unterschiedlich seien, da in beiden F\u00e4llen kommerzielle und werbliche Zwecke verfolgt w\u00fcrden. Facebook und die Beklagte h\u00e4tten vorliegend in der Phase der Erhebung und \u00dcbermittlung der betreffenden personenbezogenen Daten gemeinsam die Mittel und Zwecke der Datenverarbeitung festgelegt.<\/p>\n<p>Der Generalanwalt schl\u00e4gt zudem vor, dass die Einwilligung des Nutzers, sofern erforderlich, gegen\u00fcber dem Betreiber der Webseite zu erkl\u00e4ren sei, der das Plugin nutze. Diesen treffe auch die Pflicht Informationen zur Verf\u00fcgung zu stellen.<\/p>\n<p>Neben der Frage zur datenschutzrechtlichen Verantwortung der Seitenbetreiber bestand die Erwartung, dass die Schlussantr\u00e4ge Hinweise zur Frage der wettbewerbsrechtlichen Abmahnf\u00e4higkeit von DSGVO-Verst\u00f6\u00dfen geben k\u00f6nnten. Doch obwohl der Generalanwalt vorliegend die Klagebefugnis des klagenden Verbandes bef\u00fcrwortet, ist ein R\u00fcckschluss auf die wettbewerbsrechtlichen Eingriffsm\u00f6glichkeiten von Mitbewerbern im Zuge der DS-GVO schwierig.<\/p>\n<p>&nbsp;<\/p>\n<p>Die Schlussantr\u00e4ge des Generalanwalts sind (in deutscher Sprache) abrufbar unter:<\/p>\n<p><a href=\"http:\/\/curia.europa.eu\/juris\/document\/document.jsf?text=&amp;docid=209357&amp;pageIndex=0&amp;doclang=de&amp;mode=req&amp;dir=&amp;occ=first&amp;part=1&amp;cid=2913076\">http:\/\/curia.europa.eu\/juris\/document\/document.jsf?text=&amp;docid=209357&amp;pageIndex=0&amp;doclang=de&amp;mode=req&amp;dir=&amp;occ=first&amp;part=1&amp;cid=2913076<\/a><\/p>\n<p>&nbsp;<\/p>\n","protected":false},"excerpt":{"rendered":"<p>Generalanwalt Bobek schl\u00e4gt in seinen Schlussantr\u00e4gen vom 19. Dezember 2018 dem Europ\u00e4ischen Gerichtshof vor zu entscheiden, dass die fr\u00fchere Richtlinie 95\/46\/EG (auf den Fall noch anwendbar, jedoch mittlerweile ersetzt durch die DS-GVO) einer nationalen Regelung nicht entgegenstehe, die gemeinn\u00fctzigen Verb\u00e4nden die Befugnis einr\u00e4ume, zur Wahrung der Interessen der Verbraucher gegen datenschutzrechtliche Verst\u00f6\u00dfe vorzugehen. Zudem sei [&hellip;]<\/p>\n","protected":false},"author":1,"featured_media":2866,"comment_status":"closed","ping_status":"open","sticky":false,"template":"","format":"standard","meta":{"_et_pb_use_builder":"","_et_pb_old_content":"","_et_gb_content_width":"","footnotes":""},"categories":[224,1,23],"tags":[],"class_list":["post-4392","post","type-post","status-publish","format-standard","has-post-thumbnail","hentry","category-nachrichten","category-aktuelles","category-datenschutz","et-has-post-format-content","et_post_format-et-post-format-standard"],"translation":{"provider":"WPGlobus","version":"3.0.2","language":"fr","enabled_languages":["de","fr","gb"],"languages":{"de":{"title":true,"content":true,"excerpt":false},"fr":{"title":false,"content":false,"excerpt":false},"gb":{"title":false,"content":false,"excerpt":false}}},"_links":{"self":[{"href":"https:\/\/emr-sb.de\/fr\/wp-json\/wp\/v2\/posts\/4392","targetHints":{"allow":["GET"]}}],"collection":[{"href":"https:\/\/emr-sb.de\/fr\/wp-json\/wp\/v2\/posts"}],"about":[{"href":"https:\/\/emr-sb.de\/fr\/wp-json\/wp\/v2\/types\/post"}],"author":[{"embeddable":true,"href":"https:\/\/emr-sb.de\/fr\/wp-json\/wp\/v2\/users\/1"}],"replies":[{"embeddable":true,"href":"https:\/\/emr-sb.de\/fr\/wp-json\/wp\/v2\/comments?post=4392"}],"version-history":[{"count":3,"href":"https:\/\/emr-sb.de\/fr\/wp-json\/wp\/v2\/posts\/4392\/revisions"}],"predecessor-version":[{"id":4394,"href":"https:\/\/emr-sb.de\/fr\/wp-json\/wp\/v2\/posts\/4392\/revisions\/4394"}],"wp:featuredmedia":[{"embeddable":true,"href":"https:\/\/emr-sb.de\/fr\/wp-json\/wp\/v2\/media\/2866"}],"wp:attachment":[{"href":"https:\/\/emr-sb.de\/fr\/wp-json\/wp\/v2\/media?parent=4392"}],"wp:term":[{"taxonomy":"category","embeddable":true,"href":"https:\/\/emr-sb.de\/fr\/wp-json\/wp\/v2\/categories?post=4392"},{"taxonomy":"post_tag","embeddable":true,"href":"https:\/\/emr-sb.de\/fr\/wp-json\/wp\/v2\/tags?post=4392"}],"curies":[{"name":"wp","href":"https:\/\/api.w.org\/{rel}","templated":true}]}}