{"id":4638,"date":"2019-03-21T15:25:40","date_gmt":"2019-03-21T14:25:40","guid":{"rendered":"https:\/\/emr-sb.de\/?p=4638"},"modified":"2019-03-21T15:25:40","modified_gmt":"2019-03-21T14:25:40","slug":"lg-karlsruhe-verbot-von-schleichwerbung-durch-taggen","status":"publish","type":"post","link":"https:\/\/emr-sb.de\/fr\/lg-karlsruhe-verbot-von-schleichwerbung-durch-taggen\/","title":{"rendered":"LG Karlsruhe: Verbot von Schleichwerbung durch \u201eTaggen\u201c"},"content":{"rendered":"<p>Mit Urteil vom 21. M\u00e4rz 2019 hat das Landgericht Karlsruhe entschieden, dass Influencer auf Plattformen wie Instagram Beitr\u00e4ge in denen Produkte markiert und verlinkt werden, als Werbung kennzeichnen m\u00fcssen, auch wenn nicht f\u00fcr alle von den jeweiligen Unternehmen gezahlt wurde.<\/p>\n<p>Geklagt hatte ein Wettbewerbsverein, zu dessen Mitglieder Verlage und Werbeagenturen z\u00e4hlen. Der Verein sah in den Instagram-Posts der bekannten Influencerin Pamela Reif einen Versto\u00df gegen Wettbewerbsrecht, weil die Marken getragener Kleidung und Accessoires in Beitr\u00e4gen genannt und die jeweiligen Markenhersteller verlinkt waren. Dabei waren die Beitr\u00e4ge nicht als Werbung gekennzeichnet.<\/p>\n<p>Das Gericht folgte der Ansicht stufte das Vorgehen als Wettbewerbsversto\u00df ein. Durch die Posts der Beklagten w\u00fcrden Image und Absatz der Hersteller gef\u00f6rdert. Hieran w\u00fcrde auch die scheinbare Privatheit mancher Beitr\u00e4ge nichts \u00e4ndern, da diese durch ihre Posts stets auch ihre eigenen gesch\u00e4ftlichen Aktivit\u00e4ten f\u00f6rdere. Zudem w\u00fcssten nicht alle Follower den werblichen Charakter von Influencern einzusch\u00e4tzen, insbesondere nicht die teils sehr junge Zielgruppe der Beklagten.<\/p>\n<p>Die Beklagte kann nun binnen eines Monats ab Zustellung des Urteils Berufung zum Oberlandesgericht Karlsruhe einlegen.<\/p>\n<p>Die Pressemitteilung des LG Karlsruhe ist abrufbar unter:<\/p>\n<p>http:\/\/www.landgericht-karlsruhe.de\/pb\/,Lde\/Startseite\/Aktuelles\/03_19+Soziale+Medien_+Verbot+von+Schleichwerbung+durch+_Taggen_+von+Fotos+ohne+Werbekennzeichnung\/?LISTPAGE=1160343<\/p>\n<p>&nbsp;<\/p>\n","protected":false},"excerpt":{"rendered":"<p>Mit Urteil vom 21. M\u00e4rz 2019 hat das Landgericht Karlsruhe entschieden, dass Influencer auf Plattformen wie Instagram Beitr\u00e4ge in denen Produkte markiert und verlinkt werden, als Werbung kennzeichnen m\u00fcssen, auch wenn nicht f\u00fcr alle von den jeweiligen Unternehmen gezahlt wurde. Geklagt hatte ein Wettbewerbsverein, zu dessen Mitglieder Verlage und Werbeagenturen z\u00e4hlen. Der Verein sah in [&hellip;]<\/p>\n","protected":false},"author":1,"featured_media":3949,"comment_status":"closed","ping_status":"open","sticky":false,"template":"","format":"standard","meta":{"_et_pb_use_builder":"off","_et_pb_old_content":"","_et_gb_content_width":"","footnotes":""},"categories":[224,1,30],"tags":[],"class_list":["post-4638","post","type-post","status-publish","format-standard","has-post-thumbnail","hentry","category-nachrichten","category-aktuelles","category-werberecht","et-has-post-format-content","et_post_format-et-post-format-standard"],"translation":{"provider":"WPGlobus","version":"3.0.2","language":"fr","enabled_languages":["de","fr","gb"],"languages":{"de":{"title":true,"content":true,"excerpt":false},"fr":{"title":false,"content":false,"excerpt":false},"gb":{"title":false,"content":false,"excerpt":false}}},"_links":{"self":[{"href":"https:\/\/emr-sb.de\/fr\/wp-json\/wp\/v2\/posts\/4638","targetHints":{"allow":["GET"]}}],"collection":[{"href":"https:\/\/emr-sb.de\/fr\/wp-json\/wp\/v2\/posts"}],"about":[{"href":"https:\/\/emr-sb.de\/fr\/wp-json\/wp\/v2\/types\/post"}],"author":[{"embeddable":true,"href":"https:\/\/emr-sb.de\/fr\/wp-json\/wp\/v2\/users\/1"}],"replies":[{"embeddable":true,"href":"https:\/\/emr-sb.de\/fr\/wp-json\/wp\/v2\/comments?post=4638"}],"version-history":[{"count":2,"href":"https:\/\/emr-sb.de\/fr\/wp-json\/wp\/v2\/posts\/4638\/revisions"}],"predecessor-version":[{"id":4640,"href":"https:\/\/emr-sb.de\/fr\/wp-json\/wp\/v2\/posts\/4638\/revisions\/4640"}],"wp:featuredmedia":[{"embeddable":true,"href":"https:\/\/emr-sb.de\/fr\/wp-json\/wp\/v2\/media\/3949"}],"wp:attachment":[{"href":"https:\/\/emr-sb.de\/fr\/wp-json\/wp\/v2\/media?parent=4638"}],"wp:term":[{"taxonomy":"category","embeddable":true,"href":"https:\/\/emr-sb.de\/fr\/wp-json\/wp\/v2\/categories?post=4638"},{"taxonomy":"post_tag","embeddable":true,"href":"https:\/\/emr-sb.de\/fr\/wp-json\/wp\/v2\/tags?post=4638"}],"curies":[{"name":"wp","href":"https:\/\/api.w.org\/{rel}","templated":true}]}}