{"id":4875,"date":"2019-07-05T13:40:42","date_gmt":"2019-07-05T11:40:42","guid":{"rendered":"https:\/\/emr-sb.de\/?p=4875"},"modified":"2019-07-05T13:42:10","modified_gmt":"2019-07-05T11:42:10","slug":"rueckblick-auf-die-veranstaltung-medienordnung-4-0","status":"publish","type":"post","link":"https:\/\/emr-sb.de\/fr\/rueckblick-auf-die-veranstaltung-medienordnung-4-0\/","title":{"rendered":"R\u00fcckblick auf die Veranstaltung Medienordnung 4.0"},"content":{"rendered":"<p>Wie sollte die Medienordnung der Zukunft aussehen? Oft bleibt in der Hektik des medienpolitischen Alltags keine Zeit, grunds\u00e4tzliche Fragen wie diese zu stellen und einer Antwort jedenfalls n\u00e4her zu kommen. Um das zu \u00e4ndern, hatten die Staatskanzlei des Landes Schleswig-Holstein, das Leibniz Institut f\u00fcr Medienforschung | Hans-Bredow-Institut (HBI), Hamburg, und das Institut f\u00fcr Europ\u00e4isches Medienrecht (EMR), Saarbr\u00fccken, an diesem Donnerstag (4. Juli) zu einem Workshop in die Vertretung des Landes Schleswig-Holstein beim Bund in Berlin eingeladen.<\/p>\n<p>Die Frage wurde aus verschiedenen Blickwinkeln von den Referenten\u00a0<\/p>\n<ul style=\"list-style-type: circle;\">\n<li>Dirk Schr\u00f6dter Chef der schleswig-holsteinischen Staatskanzlei<\/li>\n<li>Professor\u00a0<abbr class=\"has-tip tip-bottom\" title=\"\" data-tooltip=\"\" aria-haspopup=\"true\" data-selector=\"tooltip-jxpzntz60\" aria-describedby=\"tooltip-jxpzntz60\">Dr.<\/abbr>\u00a0Wolfgang Schulz, Direktor des Leibniz Institut f\u00fcr Medienforschung in Hamburg,<\/li>\n<li>Professor\u00a0<abbr class=\"has-tip tip-bottom\" title=\"\" data-tooltip=\"\" aria-haspopup=\"true\" data-selector=\"tooltip-jxpzntz61\" aria-describedby=\"tooltip-jxpzntz61\">Dr.<\/abbr>\u00a0<span lang=\"en-GB\" xml:lang=\"en-GB\">Mark D. Cole<\/span>, wissenschaftlicher Direktor des Instituts f\u00fcr Europ\u00e4isches Medienrecht,\u00a0<\/li>\n<li>Professor\u00a0<abbr class=\"has-tip tip-bottom\" title=\"\" data-tooltip=\"\" aria-haspopup=\"true\" data-selector=\"tooltip-jxpzntz65\" aria-describedby=\"tooltip-jxpzntz65\">Dr.<\/abbr>\u00a0Stephan Ory, Direktor des EMR,\u00a0<\/li>\n<li><abbr class=\"has-tip tip-bottom\" title=\"\" data-tooltip=\"\" aria-haspopup=\"true\" data-selector=\"tooltip-jxpzntz66\" aria-describedby=\"tooltip-jxpzntz66\">Dr.<\/abbr>\u00a0Susanne Pfab,\u00a0<abbr class=\"has-tip tip-bottom\" title=\"\" data-tooltip=\"\" aria-haspopup=\"true\" data-selector=\"tooltip-jxpzntz67\" aria-describedby=\"tooltip-jxpzntz67\">ARD<\/abbr>-Generalsekret\u00e4rin,\u00a0<\/li>\n<li><abbr class=\"has-tip tip-bottom\" title=\"\" data-tooltip=\"\" aria-haspopup=\"true\" data-selector=\"tooltip-jxpzntz68\" aria-describedby=\"tooltip-jxpzntz68\">Dr.<\/abbr>\u00a0Holger En\u00dflin, Gesch\u00e4ftsf\u00fchrer Legal, Regulatory &amp; Distribution Sky Deutschland und\u00a0<\/li>\n<li><abbr class=\"has-tip tip-bottom\" title=\"\" data-tooltip=\"\" aria-haspopup=\"true\" data-selector=\"tooltip-jxpzntz69\" aria-describedby=\"tooltip-jxpzntz69\">Dr.<\/abbr>\u00a0Wolfgang Krei\u00dfig, Vorsitzender der Kommission f\u00fcr Jugendmedienschutz<\/li>\n<\/ul>\n<p>sowohl im Rahmen von Vortr\u00e4gen als auch in einer Podiumsdiskussion beleuchtet.\u00a0<\/p>\n<p>Einen ausf\u00fchrlicheren R\u00fcckblick auf die Veranstaltung finden Sie auf der\u00a0<strong><a href=\"https:\/\/www.schleswig-holstein.de\/DE\/Landesregierung\/I\/Presse\/PI\/2019\/CdS\/190704_cds_medienordnung.html\">Webseite der Staatskanzlei Schleswig-Holstein<\/a><\/strong>.\u00a0<\/p>\n<p>Die Pr\u00e4sentation zum Vortrag von Prof. Dr. Mark D. Cole finden Sie auf unserer Webseite unter dem Reiter &#8220;<a href=\"https:\/\/emr-sb.de\/publikationen\/vortraege-und-praesentationen\/\" target=\"_blank\" rel=\"noopener\"><strong>Vortr\u00e4ge und Publikationen<\/strong><\/a>&#8220;<\/p>\n","protected":false},"excerpt":{"rendered":"<p>Wie sollte die Medienordnung der Zukunft aussehen? Oft bleibt in der Hektik des medienpolitischen Alltags keine Zeit, grunds\u00e4tzliche Fragen wie diese zu stellen und einer Antwort jedenfalls n\u00e4her zu kommen. Um das zu \u00e4ndern, hatten die Staatskanzlei des Landes Schleswig-Holstein, das Leibniz Institut f\u00fcr Medienforschung | Hans-Bredow-Institut (HBI), Hamburg, und das Institut f\u00fcr Europ\u00e4isches Medienrecht [&hellip;]<\/p>\n","protected":false},"author":4,"featured_media":4881,"comment_status":"closed","ping_status":"open","sticky":false,"template":"","format":"standard","meta":{"_et_pb_use_builder":"","_et_pb_old_content":"","_et_gb_content_width":"","footnotes":""},"categories":[3,1,24,23,28,215,219,216,218,220,21,27,221,25,222,30,223],"tags":[],"class_list":["post-4875","post","type-post","status-publish","format-standard","has-post-thumbnail","hentry","category-aktuelle-meldung","category-aktuelles","category-av-mediendienste","category-datenschutz","category-e-commerce","category-jugendmedienschutz","category-kommerzielle-kommunikation","category-kultur-und-filmfoerderung","category-presserecht","category-rundfunkrecht","category-tagungsbericht","category-telekommunikation","category-telemedienrecht","category-urheberrecht","category-verbraucherschutzrecht","category-werberecht","category-wettbewerbs-und-kartellrecht","et-has-post-format-content","et_post_format-et-post-format-standard"],"translation":{"provider":"WPGlobus","version":"3.0.2","language":"fr","enabled_languages":["de","fr","gb"],"languages":{"de":{"title":true,"content":true,"excerpt":false},"fr":{"title":false,"content":false,"excerpt":false},"gb":{"title":false,"content":false,"excerpt":false}}},"_links":{"self":[{"href":"https:\/\/emr-sb.de\/fr\/wp-json\/wp\/v2\/posts\/4875","targetHints":{"allow":["GET"]}}],"collection":[{"href":"https:\/\/emr-sb.de\/fr\/wp-json\/wp\/v2\/posts"}],"about":[{"href":"https:\/\/emr-sb.de\/fr\/wp-json\/wp\/v2\/types\/post"}],"author":[{"embeddable":true,"href":"https:\/\/emr-sb.de\/fr\/wp-json\/wp\/v2\/users\/4"}],"replies":[{"embeddable":true,"href":"https:\/\/emr-sb.de\/fr\/wp-json\/wp\/v2\/comments?post=4875"}],"version-history":[{"count":2,"href":"https:\/\/emr-sb.de\/fr\/wp-json\/wp\/v2\/posts\/4875\/revisions"}],"predecessor-version":[{"id":4880,"href":"https:\/\/emr-sb.de\/fr\/wp-json\/wp\/v2\/posts\/4875\/revisions\/4880"}],"wp:featuredmedia":[{"embeddable":true,"href":"https:\/\/emr-sb.de\/fr\/wp-json\/wp\/v2\/media\/4881"}],"wp:attachment":[{"href":"https:\/\/emr-sb.de\/fr\/wp-json\/wp\/v2\/media?parent=4875"}],"wp:term":[{"taxonomy":"category","embeddable":true,"href":"https:\/\/emr-sb.de\/fr\/wp-json\/wp\/v2\/categories?post=4875"},{"taxonomy":"post_tag","embeddable":true,"href":"https:\/\/emr-sb.de\/fr\/wp-json\/wp\/v2\/tags?post=4875"}],"curies":[{"name":"wp","href":"https:\/\/api.w.org\/{rel}","templated":true}]}}