{"id":4896,"date":"2019-07-23T11:29:00","date_gmt":"2019-07-23T09:29:00","guid":{"rendered":"https:\/\/emr-sb.de\/?p=4896"},"modified":"2019-07-23T11:38:12","modified_gmt":"2019-07-23T09:38:12","slug":"bverfg-zur-faelschlichen-einordnung-einer-aeusserung-als-schmaehkritik","status":"publish","type":"post","link":"https:\/\/emr-sb.de\/fr\/bverfg-zur-faelschlichen-einordnung-einer-aeusserung-als-schmaehkritik\/","title":{"rendered":"BVerfG zur f\u00e4lschlichen Einordnung einer \u00c4u\u00dferung als Schm\u00e4hkritik"},"content":{"rendered":"<p>Mit Beschluss vom 14. Juni 2019 hat die zweite Kammer des Ersten Senats des Bundesverfassungsgerichts eine Entscheidung zur Frage getroffen, wann eine \u00c4u\u00dferung als Schm\u00e4hkritik im Rahmen einer Beleidigung einzustufen oder von der Meinungsfreiheit gesch\u00fctzt ist.<\/p>\n<p>Hintergrund war eine \u00c4u\u00dferung des sp\u00e4teren Beschwerdef\u00fchrers im Rahmen eines amtsgerichtlichen Zivilprozesses. Hierbei f\u00fchrte er in der Begr\u00fcndung eines Ablehnungsgesuchs aus, die \u201eVerhandlungsf\u00fchrung durch die Richterin\u201c erinnere stark an \u201eeinschl\u00e4gige Gerichtsverfahren vor ehemaligen nationalsozialistischen deutschen Sondergerichten\u201c. Die gesamte Verhandlungsf\u00fchrung der Richterin habe \u201eeher an einen mittelalterlichen Hexenprozess als an ein nach rechtsstaatlichen Grunds\u00e4tzen gef\u00fchrtes Verfahren\u201c erinnert. Der Beschwerdef\u00fchrer wurde daraufhin wegen Beleidigung zu einer Geldstrafe verurteilt. Berufung und Revision waren erfolglos.<\/p>\n<p>Das BVerfG entschied nun, dass die Entscheidungen der Gerichte den Beschwerdef\u00fchrer in seinem Grundrecht auf Meinungsfreiheit verletzt. Bei der Einordnung einer \u00c4u\u00dferung als Schm\u00e4hkritik und damit begr\u00fcndetem Verzicht auf eine Abw\u00e4gung zwischen Meinungsfreiheit und Ehre seien strenge Ma\u00dfst\u00e4be anzuwenden. Diese seien solange nicht erf\u00fcllt, wie ein Bezug zu einer Sachauseinandersetzung besteht und sich die \u00c4u\u00dferungen damit nicht \u2013 wie etwa im Fall der Privatfehde \u2013 auf eine blo\u00dfe pers\u00f6nliche Diffamierung oder Herabsetzung der von der \u00c4u\u00dferung Betroffenen beschr\u00e4nken. Die \u00c4u\u00dferungen w\u00fcrden demnach vorliegend keine Schm\u00e4hkritik darstellen, es h\u00e4tte eine Abw\u00e4gung im Einzelfall stattfinden m\u00fcssen.<\/p>\n<p>&nbsp;<\/p>\n<p>Die Pressemitteilung des Bundesverfassungsgerichts ist abrufbar unter:<\/p>\n<p><a href=\"https:\/\/www.bundesverfassungsgericht.de\/SharedDocs\/Pressemitteilungen\/DE\/2019\/bvg19-049.html\">https:\/\/www.bundesverfassungsgericht.de\/SharedDocs\/Pressemitteilungen\/DE\/2019\/bvg19-049.html<\/a><\/p>\n<p>&nbsp;<\/p>\n","protected":false},"excerpt":{"rendered":"<p>Mit Beschluss vom 14. Juni 2019 hat die zweite Kammer des Ersten Senats des Bundesverfassungsgerichts eine Entscheidung zur Frage getroffen, wann eine \u00c4u\u00dferung als Schm\u00e4hkritik im Rahmen einer Beleidigung einzustufen oder von der Meinungsfreiheit gesch\u00fctzt ist. Hintergrund war eine \u00c4u\u00dferung des sp\u00e4teren Beschwerdef\u00fchrers im Rahmen eines amtsgerichtlichen Zivilprozesses. Hierbei f\u00fchrte er in der Begr\u00fcndung eines [&hellip;]<\/p>\n","protected":false},"author":1,"featured_media":4799,"comment_status":"closed","ping_status":"open","sticky":false,"template":"","format":"standard","meta":{"_et_pb_use_builder":"","_et_pb_old_content":"","_et_gb_content_width":"","footnotes":""},"categories":[224,1,218],"tags":[],"class_list":["post-4896","post","type-post","status-publish","format-standard","has-post-thumbnail","hentry","category-nachrichten","category-aktuelles","category-presserecht","et-has-post-format-content","et_post_format-et-post-format-standard"],"translation":{"provider":"WPGlobus","version":"3.0.2","language":"fr","enabled_languages":["de","fr","gb"],"languages":{"de":{"title":true,"content":true,"excerpt":false},"fr":{"title":false,"content":false,"excerpt":false},"gb":{"title":false,"content":false,"excerpt":false}}},"_links":{"self":[{"href":"https:\/\/emr-sb.de\/fr\/wp-json\/wp\/v2\/posts\/4896","targetHints":{"allow":["GET"]}}],"collection":[{"href":"https:\/\/emr-sb.de\/fr\/wp-json\/wp\/v2\/posts"}],"about":[{"href":"https:\/\/emr-sb.de\/fr\/wp-json\/wp\/v2\/types\/post"}],"author":[{"embeddable":true,"href":"https:\/\/emr-sb.de\/fr\/wp-json\/wp\/v2\/users\/1"}],"replies":[{"embeddable":true,"href":"https:\/\/emr-sb.de\/fr\/wp-json\/wp\/v2\/comments?post=4896"}],"version-history":[{"count":3,"href":"https:\/\/emr-sb.de\/fr\/wp-json\/wp\/v2\/posts\/4896\/revisions"}],"predecessor-version":[{"id":4899,"href":"https:\/\/emr-sb.de\/fr\/wp-json\/wp\/v2\/posts\/4896\/revisions\/4899"}],"wp:featuredmedia":[{"embeddable":true,"href":"https:\/\/emr-sb.de\/fr\/wp-json\/wp\/v2\/media\/4799"}],"wp:attachment":[{"href":"https:\/\/emr-sb.de\/fr\/wp-json\/wp\/v2\/media?parent=4896"}],"wp:term":[{"taxonomy":"category","embeddable":true,"href":"https:\/\/emr-sb.de\/fr\/wp-json\/wp\/v2\/categories?post=4896"},{"taxonomy":"post_tag","embeddable":true,"href":"https:\/\/emr-sb.de\/fr\/wp-json\/wp\/v2\/tags?post=4896"}],"curies":[{"name":"wp","href":"https:\/\/api.w.org\/{rel}","templated":true}]}}