{"id":4946,"date":"2019-10-16T17:50:30","date_gmt":"2019-10-16T15:50:30","guid":{"rendered":"https:\/\/emr-sb.de\/?p=4946"},"modified":"2019-10-16T18:07:23","modified_gmt":"2019-10-16T16:07:23","slug":"emr-auf-den-medientagen-muenchen-2019-der-europatag","status":"publish","type":"post","link":"https:\/\/emr-sb.de\/fr\/emr-auf-den-medientagen-muenchen-2019-der-europatag\/","title":{"rendered":"Der Europatag der Medientage M\u00fcnchen 2019"},"content":{"rendered":"<p>Die Zukunft freiheitlicher Demokratie und die Zukunft audiovisueller Medien sind nicht nur in Europa, sondern weltweit eng miteinander verflochten. Beide stehen aktuell vor gro\u00dfen Herausforderungen. Herausforderungen sowohl im Wettbewerb um Aufmerksamkeit und Vertrauen als auch im Hinblick auf neue technologische Entwicklungen.<\/p>\n<p>Der Europatag der Medientage M\u00fcnchen, gemeinsam durchgef\u00fchrt vom Institut f\u00fcr Europ\u00e4isches Medienrecht (EMR) und der Bayerischen Landeszentrale f\u00fcr neue Medien (BLM), informiert auch dieses Jahr wieder \u00fcber diese wesentlichen Entwicklungen im EU-Regulierungsnetzwerk, die nicht zuletzt auch f\u00fcr Medienanbieter relevant sind oder zuk\u00fcnftig sein werden, und erm\u00f6glicht einen Austausch \u00fcber die damit verbundenen Frage- und Problemstellungen auf europ\u00e4ischer wie mitglied-staatlicher Ebene.<\/p>\n<p>Er\u00f6ffnet wird der Europatag unter dem Motto \u201eLet\u2019s create the rules for the digital world that Europe deserves\u201c am 25. Oktober 2019 von Dr. Florian Herrmann, Mitglied des Bayerischen Landtags, Leiter der Staatskanzlei sowie Staatsminister f\u00fcr Bundes- und Europaangelegenheiten und Medien, von EMR-Direktor Prof. Dr. Stephan Ory und von BLM-Gesch\u00e4ftsf\u00fchrer Dr. Thorsten Schmiege. Guillaume Klossa gibt als Sonderberater des f\u00fcr Digitaltechnik zust\u00e4ndigen Vizepr\u00e4sidenten in der EU-Kommission einen Einblick in \u201eEuropas digitalen Binnenmarkt\u201c und skizziert den Weg zur europ\u00e4ischen Mediensouver\u00e4nit\u00e4t.<\/p>\n<p>Zur Diskussion stehen die Schritte hin zu einem nachhaltigen pluralistischen Mediensystem und das Vorhaben, alternative Plattformen einzurichten. Zuvor zeigt Prof. Dr. Andreas Paulus, Richter des Bundesverfassungsgerichts auf, welche verfassungsrechtlichen Vorgaben dabei zu beachten sind.<\/p>\n<p>Beim Europatag steht auch die Umsetzung der novellierten Richtlinie \u00fcber audiovisuelle Mediendienste (AVMD) zur Debatte. Argumentieren werden unter anderem VAUNET-Vorstandschef Hans Demmel, der KJM-Vorsitzende Wolfgang Krei\u00dfig, Netflix-Manager Wolf Osthaus oder auch Alexander Scheuer, Leiter Medienpolitik und Medienregulierung bei der Deutschen Telekom. Der europ\u00e4ische Gesetzgeber verfolgte mit der \u00dcberarbeitung der Richtlinie das Ziel, einen Rechtsrahmen f\u00fcr eine sich ver\u00e4ndernde Medienlandschaft mit einem im Umbruch begriffenen Konsumentenverhalten zu schaffen.<\/p>\n<p>Weitere Informationen zu den Medientagen M\u00fcnchen sowie die M\u00f6glichkeit der Ticketbestellung finden Sie auf der <a href=\"https:\/\/medientage.de\/\" target=\"_blank\" rel=\"noopener\"><strong>Webseite der Medientage<\/strong><\/a>.\u00a0<\/p>\n","protected":false},"excerpt":{"rendered":"<p>Die Zukunft freiheitlicher Demokratie und die Zukunft audiovisueller Medien sind nicht nur in Europa, sondern weltweit eng miteinander verflochten. Beide stehen aktuell vor gro\u00dfen Herausforderungen. Herausforderungen sowohl im Wettbewerb um Aufmerksamkeit und Vertrauen als auch im Hinblick auf neue technologische Entwicklungen. Der Europatag der Medientage M\u00fcnchen, gemeinsam durchgef\u00fchrt vom Institut f\u00fcr Europ\u00e4isches Medienrecht (EMR) und [&hellip;]<\/p>\n","protected":false},"author":1,"featured_media":4957,"comment_status":"closed","ping_status":"open","sticky":false,"template":"","format":"standard","meta":{"_et_pb_use_builder":"","_et_pb_old_content":"","_et_gb_content_width":"","footnotes":""},"categories":[224,3],"tags":[],"class_list":["post-4946","post","type-post","status-publish","format-standard","has-post-thumbnail","hentry","category-nachrichten","category-aktuelle-meldung","et-has-post-format-content","et_post_format-et-post-format-standard"],"translation":{"provider":"WPGlobus","version":"3.0.2","language":"fr","enabled_languages":["de","fr","gb"],"languages":{"de":{"title":true,"content":true,"excerpt":false},"fr":{"title":false,"content":false,"excerpt":false},"gb":{"title":false,"content":false,"excerpt":false}}},"_links":{"self":[{"href":"https:\/\/emr-sb.de\/fr\/wp-json\/wp\/v2\/posts\/4946","targetHints":{"allow":["GET"]}}],"collection":[{"href":"https:\/\/emr-sb.de\/fr\/wp-json\/wp\/v2\/posts"}],"about":[{"href":"https:\/\/emr-sb.de\/fr\/wp-json\/wp\/v2\/types\/post"}],"author":[{"embeddable":true,"href":"https:\/\/emr-sb.de\/fr\/wp-json\/wp\/v2\/users\/1"}],"replies":[{"embeddable":true,"href":"https:\/\/emr-sb.de\/fr\/wp-json\/wp\/v2\/comments?post=4946"}],"version-history":[{"count":3,"href":"https:\/\/emr-sb.de\/fr\/wp-json\/wp\/v2\/posts\/4946\/revisions"}],"predecessor-version":[{"id":4958,"href":"https:\/\/emr-sb.de\/fr\/wp-json\/wp\/v2\/posts\/4946\/revisions\/4958"}],"wp:featuredmedia":[{"embeddable":true,"href":"https:\/\/emr-sb.de\/fr\/wp-json\/wp\/v2\/media\/4957"}],"wp:attachment":[{"href":"https:\/\/emr-sb.de\/fr\/wp-json\/wp\/v2\/media?parent=4946"}],"wp:term":[{"taxonomy":"category","embeddable":true,"href":"https:\/\/emr-sb.de\/fr\/wp-json\/wp\/v2\/categories?post=4946"},{"taxonomy":"post_tag","embeddable":true,"href":"https:\/\/emr-sb.de\/fr\/wp-json\/wp\/v2\/tags?post=4946"}],"curies":[{"name":"wp","href":"https:\/\/api.w.org\/{rel}","templated":true}]}}