{"id":4965,"date":"2019-10-23T18:58:27","date_gmt":"2019-10-23T16:58:27","guid":{"rendered":"https:\/\/emr-sb.de\/?p=4965"},"modified":"2019-10-23T18:58:27","modified_gmt":"2019-10-23T16:58:27","slug":"debatte-zum-rundfunkbeitrag-prof-dr-mark-d-cole-in-der-laenderzeit-des-deutschlandradio","status":"publish","type":"post","link":"https:\/\/emr-sb.de\/fr\/debatte-zum-rundfunkbeitrag-prof-dr-mark-d-cole-in-der-laenderzeit-des-deutschlandradio\/","title":{"rendered":"Debatte zum Rundfunkbeitrag: Prof. Dr. Mark D. Cole in der &#8220;L\u00e4nderzeit&#8221; des Deutschlandradio"},"content":{"rendered":"<p>Die Themen Medien und insbesondere Medienregulierung sind zur Zeit in aller Munde. Sowohl im Rahmen der Medientage M\u00fcnchen, insbesondere auch am von EMR und BLM gemeinsam organisierten <span style=\"text-decoration: underline;\"><a href=\"https:\/\/emr-sb.de\/events\/europatag-2019\/\">Europatag<\/a><\/span>, gibt es zahlreiche Workshops, Diskussionspanel und Vortr\u00e4ge, die sich mit medienpolitischen und medienrechtlichen Fragestellungen auseinandersetzen. Dazu geh\u00f6rt auch die Debatte um den Rundfunkbeitrag, die im Vorfeld der am 24. Oktober 2019 stattfindenen\u00a0Ministerpr\u00e4sidentenkonferenz deutlich an Gewicht erlangt hat. Im Rahmen dieser Konferenz soll n\u00e4mlich auch der Entwurf eines Medienstaatsvertrag eine entscheidende Rolle spielen, in dessen Reformierungsumfeld unter anderem auch neue Finanzierungsmodelle f\u00fcr den \u00f6ffentlich-rechtlichen Rundfunk diskutiert wurden.\u00a0<\/p>\n<p>Kritikpunkte, Chancen und die Finanzierungsdebatte im Allgemeinen wurden heute im Rahmen des Formats &#8220;L\u00e4nderzeit&#8221; des Deutschlandradio aufgegriffen und aus verschiedenen Blickwinkeln beleuchtet.\u00a0Der wissenschaftliche Direktor des EMR, <strong>Prof. Dr. Mark D. Cole<\/strong>, diskutierte dabei zusammen mit\u00a0<strong>Lutz Marmor<\/strong>, Intendant des NDR,\u00a0<strong>Diemut Roether<\/strong>, Chefredakteurin des Medienfachdienstes epd und\u00a0<strong>Dr. Charlotte Echterhoff<\/strong>, Medienwissenschaftlerin,\u00a0gemeinsam mit den H\u00f6rern. Die Diskutanten gingen dabei unter anderem den Fragen nach, wie Formate des \u00f6ffentlich-rechtlichen Rundfunks zuk\u00fcnftig ausgestaltet sein sollten, \u00fcber welche Kan\u00e4le sie verbreitet werden sollten, wie die Finanzierung verbessert werden kann und welche Relevanz den \u00f6ffentlich-rechtlichen Sendern in der Gesellschaft heute und in Zukunft zukommt.\u00a0<\/p>\n<p>Die Debatte ist im Audioformat sowie als Podcast abrufbar unter\u00a0<\/p>\n<p><a href=\"https:\/\/www.deutschlandfunk.de\/die-debatte-um-den-rundfunkbeitrag-der-oeffentlich.1771.de.html?dram:article_id=461567\" target=\"_blank\" rel=\"noopener\">https:\/\/www.deutschlandfunk.de\/die-debatte-um-den-rundfunkbeitrag-der-oeffentlich.1771.de.html?dram:article_id=461567\u00a0<\/a><\/p>\n","protected":false},"excerpt":{"rendered":"<p>Die Themen Medien und insbesondere Medienregulierung sind zur Zeit in aller Munde. Sowohl im Rahmen der Medientage M\u00fcnchen, insbesondere auch am von EMR und BLM gemeinsam organisierten Europatag, gibt es zahlreiche Workshops, Diskussionspanel und Vortr\u00e4ge, die sich mit medienpolitischen und medienrechtlichen Fragestellungen auseinandersetzen. Dazu geh\u00f6rt auch die Debatte um den Rundfunkbeitrag, die im Vorfeld der [&hellip;]<\/p>\n","protected":false},"author":4,"featured_media":4967,"comment_status":"closed","ping_status":"open","sticky":false,"template":"","format":"standard","meta":{"_et_pb_use_builder":"off","_et_pb_old_content":"<p>Die Themen Medien und insbesondere Medienregulierung sind zur Zeit in aller Munde. Sowohl im Rahmen der Medientage M\u00fcnchen, insbesondere auch am von EMR und BLM gemeinsam organisierten <span style=\"text-decoration: underline;\"><a href=\"https:\/\/emr-sb.de\/events\/europatag-2019\/\">Europatag<\/a><\/span>, gibt es zahlreiche Workshops, Diskussionspanel und Vortr\u00e4ge, die sich mit medienpolitischen und medienrechtlichen Fragestellungen auseinandersetzen. Dazu geh\u00f6rt auch die Debatte um den Rundfunkbeitrag, die im Vorfeld der am 24. Oktober 2019 stattfindenen\u00a0Ministerpr\u00e4sidentenkonferenz deutlich an Gewicht erlangt hat. Im Rahmen dieser Konferenz soll n\u00e4mlich auch der Entwurf eines Medienstaatsvertrag eine entscheidende Rolle spielen, in dessen Reformierungsumfeld unter anderem auch neue Finanzierungsmodelle f\u00fcr den \u00f6ffentlich-rechtlichen Rundfunk diskutiert wurden.\u00a0<\/p>\r\n<p>Kritikpunkte, Chancen und die Finanzierungsdebatte im Allgemeinen wurden heute im Rahmen des Formats \"L\u00e4nderzeit\" des Deutschlandradio aufgegriffen und aus verschiedenen Blickwinkeln beleuchtet.\u00a0Der wissenschaftliche Direktor des EMR, <strong>Prof. Dr. Mark D. Cole<\/strong>, diskutierte dabei zusammen mit\u00a0<strong>Lutz Marmor<\/strong>, Intendant des NDR,\u00a0<strong>Diemut Roether<\/strong>, Chefredakteurin des Medienfachdienstes epd und\u00a0<strong>Dr. Charlotte Echterhoff<\/strong>, Medienwissenschaftlerin,\u00a0gemeinsam mit den H\u00f6rern. Die Diskutanten gingen dabei unter anderem den Fragen nach, wie Formate des \u00f6ffentlich-rechtlichen Rundfunks zuk\u00fcnftig ausgestaltet sein sollten, \u00fcber welche Kan\u00e4le sie verbreitet werden sollten, wie die Finanzierung verbessert werden kann und welche Relevanz den \u00f6ffentlich-rechtlichen Sendern in der Gesellschaft heute und in Zukunft zukommt.\u00a0<\/p>\r\n<p>Die Debatte ist im Audioformat sowie als Podcast abrufbar unter\u00a0<\/p>\r\n<p><a href=\"https:\/\/www.deutschlandfunk.de\/die-debatte-um-den-rundfunkbeitrag-der-oeffentlich.1771.de.html?dram:article_id=461567\" target=\"_blank\" rel=\"noopener\">https:\/\/www.deutschlandfunk.de\/die-debatte-um-den-rundfunkbeitrag-der-oeffentlich.1771.de.html?dram:article_id=461567\u00a0<\/a><\/p>","_et_gb_content_width":"","footnotes":""},"categories":[3,1,24,220],"tags":[],"class_list":["post-4965","post","type-post","status-publish","format-standard","has-post-thumbnail","hentry","category-aktuelle-meldung","category-aktuelles","category-av-mediendienste","category-rundfunkrecht","et-has-post-format-content","et_post_format-et-post-format-standard"],"translation":{"provider":"WPGlobus","version":"3.0.2","language":"fr","enabled_languages":["de","fr","gb"],"languages":{"de":{"title":true,"content":true,"excerpt":false},"fr":{"title":false,"content":false,"excerpt":false},"gb":{"title":false,"content":false,"excerpt":false}}},"_links":{"self":[{"href":"https:\/\/emr-sb.de\/fr\/wp-json\/wp\/v2\/posts\/4965","targetHints":{"allow":["GET"]}}],"collection":[{"href":"https:\/\/emr-sb.de\/fr\/wp-json\/wp\/v2\/posts"}],"about":[{"href":"https:\/\/emr-sb.de\/fr\/wp-json\/wp\/v2\/types\/post"}],"author":[{"embeddable":true,"href":"https:\/\/emr-sb.de\/fr\/wp-json\/wp\/v2\/users\/4"}],"replies":[{"embeddable":true,"href":"https:\/\/emr-sb.de\/fr\/wp-json\/wp\/v2\/comments?post=4965"}],"version-history":[{"count":3,"href":"https:\/\/emr-sb.de\/fr\/wp-json\/wp\/v2\/posts\/4965\/revisions"}],"predecessor-version":[{"id":4969,"href":"https:\/\/emr-sb.de\/fr\/wp-json\/wp\/v2\/posts\/4965\/revisions\/4969"}],"wp:featuredmedia":[{"embeddable":true,"href":"https:\/\/emr-sb.de\/fr\/wp-json\/wp\/v2\/media\/4967"}],"wp:attachment":[{"href":"https:\/\/emr-sb.de\/fr\/wp-json\/wp\/v2\/media?parent=4965"}],"wp:term":[{"taxonomy":"category","embeddable":true,"href":"https:\/\/emr-sb.de\/fr\/wp-json\/wp\/v2\/categories?post=4965"},{"taxonomy":"post_tag","embeddable":true,"href":"https:\/\/emr-sb.de\/fr\/wp-json\/wp\/v2\/tags?post=4965"}],"curies":[{"name":"wp","href":"https:\/\/api.w.org\/{rel}","templated":true}]}}