{"id":5111,"date":"2020-02-13T09:49:35","date_gmt":"2020-02-13T08:49:35","guid":{"rendered":"https:\/\/emr-sb.de\/?p=5111"},"modified":"2020-02-13T16:40:05","modified_gmt":"2020-02-13T15:40:05","slug":"in-gedenken-an-norbert-holzer","status":"publish","type":"post","link":"https:\/\/emr-sb.de\/fr\/in-gedenken-an-norbert-holzer\/","title":{"rendered":"In Gedenken an Dr. Norbert Holzer"},"content":{"rendered":"<p>Das langj\u00e4hrige Vorstandsmitglied des EMR Dr. Norbert Holzer ist tot. Er verstarb gestern nur wenige Tage vor seinem 72. Geburtstag.<\/p>\n<p>Holzer war Gr\u00fcndungsmitglied des EMR im August 1990 und hat dem Vorstand seither bis Ende 2019 angeh\u00f6rt. 2012 \u00fcbernahm er f\u00fcr zwei Jahre die Position des Direktors des Instituts.<\/p>\n<p>Seit seinem Studium der Rechtswissenschaft von 1969 bis 1974 und Promotion (1978) an der Universit\u00e4t des Saarlandes war er seinen saarl\u00e4ndischen Wurzeln treu geblieben. Nach einer einj\u00e4hrigen T\u00e4tigkeit als Fraktionsassistent der CDU-Fraktion im saarl\u00e4ndischen Landtag und sodann als Pers\u00f6nlicher Referent des Ministers f\u00fcr Umwelt, Raumordnung und Bauwesen des Saarlandes wurde er 1981 B\u00fcrgermeister der Gemeinde Riegelsberg und \u00fcbte dieses Amt bis 1991 aus.<\/p>\n<p>Holzer war eine pr\u00e4gende Person der saarl\u00e4ndischen Medienlandschaft. Von 1987 bis 1996 war Holzer ehrenamtlicher Vorstand der Landesanstalt f\u00fcr das Rundfunkwesen (heute LMS). 1997 wurde er Verwaltungs- und Betriebsdirektor beim Saarl\u00e4ndischen Rundfunk (SR) und \u00fcbte dieses Amt bis 2011 aus. Neben seiner Niederlassung als Anwalt in seiner eigenen Kanzlei war Holzer seit 2012 vom Saarland berufenes Mitglied der KEF (<span style=\"text-decoration: underline;\"><a href=\"https:\/\/kef-online.de\/de\/presse\/pressemitteilungen\/pressemitteilungen\/news\/detail\/News\/kef-mitglied-dr-norbert-holzer-verstorben\/\" target=\"_blank\" rel=\"noopener\">Pressemitteilung der KEF von heute<\/a><\/span>). Zugleich war Holzer Lehrbeauftragter im Schwerpunktbereich Medienrecht der Juristischen Fakult\u00e4t der Universit\u00e4t des Saarlandes.<\/p>\n<p>Holzer hat wesentlichen Anteil am Aufbau des EMR und dessen wissenschaftliche Arbeit \u00fcber drei Jahrzehnte beeinflusst. Er wirkte insbesondere daran mit, dass die Expertise des Instituts auf praktischen Erfahrungen ruhte und gerade deshalb die Forschungsergebnisse breite Akzeptanz in der gesamten Medienwirtschaft und Medienpolitik erfuhren.<\/p>\n<p>Das EMR wird Norbert Holzer ein ehrendes Andenken bewahren.<\/p>\n<p>&nbsp;<\/p>\n<p><span style=\"font-size: 10pt;\"><em>Foto \u00a9 Jennifer Weyland<\/em><\/span><\/p>\n","protected":false},"excerpt":{"rendered":"<p>Das langj\u00e4hrige Vorstandsmitglied des EMR Dr. Norbert Holzer ist tot. Er verstarb gestern nur wenige Tage vor seinem 72. Geburtstag. Holzer war Gr\u00fcndungsmitglied des EMR im August 1990 und hat dem Vorstand seither bis Ende 2019 angeh\u00f6rt. 2012 \u00fcbernahm er f\u00fcr zwei Jahre die Position des Direktors des Instituts. Seit seinem Studium der Rechtswissenschaft von [&hellip;]<\/p>\n","protected":false},"author":4,"featured_media":5114,"comment_status":"closed","ping_status":"open","sticky":false,"template":"","format":"standard","meta":{"_et_pb_use_builder":"","_et_pb_old_content":"","_et_gb_content_width":"","footnotes":""},"categories":[3,1],"tags":[],"class_list":["post-5111","post","type-post","status-publish","format-standard","has-post-thumbnail","hentry","category-aktuelle-meldung","category-aktuelles","et-has-post-format-content","et_post_format-et-post-format-standard"],"translation":{"provider":"WPGlobus","version":"3.0.2","language":"fr","enabled_languages":["de","fr","gb"],"languages":{"de":{"title":true,"content":true,"excerpt":false},"fr":{"title":false,"content":false,"excerpt":false},"gb":{"title":false,"content":false,"excerpt":false}}},"_links":{"self":[{"href":"https:\/\/emr-sb.de\/fr\/wp-json\/wp\/v2\/posts\/5111","targetHints":{"allow":["GET"]}}],"collection":[{"href":"https:\/\/emr-sb.de\/fr\/wp-json\/wp\/v2\/posts"}],"about":[{"href":"https:\/\/emr-sb.de\/fr\/wp-json\/wp\/v2\/types\/post"}],"author":[{"embeddable":true,"href":"https:\/\/emr-sb.de\/fr\/wp-json\/wp\/v2\/users\/4"}],"replies":[{"embeddable":true,"href":"https:\/\/emr-sb.de\/fr\/wp-json\/wp\/v2\/comments?post=5111"}],"version-history":[{"count":4,"href":"https:\/\/emr-sb.de\/fr\/wp-json\/wp\/v2\/posts\/5111\/revisions"}],"predecessor-version":[{"id":5469,"href":"https:\/\/emr-sb.de\/fr\/wp-json\/wp\/v2\/posts\/5111\/revisions\/5469"}],"wp:featuredmedia":[{"embeddable":true,"href":"https:\/\/emr-sb.de\/fr\/wp-json\/wp\/v2\/media\/5114"}],"wp:attachment":[{"href":"https:\/\/emr-sb.de\/fr\/wp-json\/wp\/v2\/media?parent=5111"}],"wp:term":[{"taxonomy":"category","embeddable":true,"href":"https:\/\/emr-sb.de\/fr\/wp-json\/wp\/v2\/categories?post=5111"},{"taxonomy":"post_tag","embeddable":true,"href":"https:\/\/emr-sb.de\/fr\/wp-json\/wp\/v2\/tags?post=5111"}],"curies":[{"name":"wp","href":"https:\/\/api.w.org\/{rel}","templated":true}]}}