{"id":5173,"date":"2020-03-27T16:41:33","date_gmt":"2020-03-27T15:41:33","guid":{"rendered":"https:\/\/emr-sb.de\/?p=5173"},"modified":"2020-03-27T16:44:41","modified_gmt":"2020-03-27T15:44:41","slug":"expertenausschuss-media-environment-and-reform-des-europarates-zu-covid-19-und-meinungsfreiheit","status":"publish","type":"post","link":"https:\/\/emr-sb.de\/fr\/expertenausschuss-media-environment-and-reform-des-europarates-zu-covid-19-und-meinungsfreiheit\/","title":{"rendered":"Expertenausschuss \u201eMedia Environment and Reform\u201c des Europarates zu COVID-19 und Meinungsfreiheit"},"content":{"rendered":"<p>Prof Dr. Mark D. Cole, wissenschaftlicher Direktor des Instituts f\u00fcr Europ\u00e4isches Medienrecht (EMR), wurde vor Kurzem als Experte in den Ausschuss \u201eMedia Environment and Reform\u201c des Europarates berufen (<a href=\"https:\/\/emr-sb.de\/mark-cole-msi-ref\/\">Meldung<\/a>). Das Gremium hat nun auf die Gefahren f\u00fcr die Meinungsfreiheit im Zusammenhang mit der Coronavirus-Pandemie hingewiesen. Die COVID-19 Krise verursache einen Notstand im Bereich der \u00f6ffentlichen Gesundheit, bei dem unabh\u00e4ngigen Medien eine entscheidende Rolle zukomme. Mehr denn je brauche es einen verl\u00e4sslichen Journalismus, der sich auf Standards der beruflichen Ethik st\u00fctzt, um die \u00d6ffentlichkeit zu informieren. Es brauche gr\u00fcndliche Recherche, um Ger\u00fcchten und Desinformation entgegenzuwirken, die zu Panik f\u00fchren k\u00f6nnten.<\/p>\n<p>Laut dem Ausschuss solle die Krisensituation nicht als Vorwand f\u00fcr die Einschr\u00e4nkung der Medienfreiheit oder des Zugangs der \u00d6ffentlichkeit zu Informationen benutzt werden. Die Mitgliedsstaaten sollten sich zusammen mit allen Medienakteuren bem\u00fchen, ein g\u00fcnstiges Umfeld f\u00fcr Qualit\u00e4tsjournalismus zu gew\u00e4hrleisten. Unter diesen Umst\u00e4nden solle besonders darauf geachtet werden, angemessene Arbeitsbedingungen f\u00fcr Journalisten zu gew\u00e4hrleisten, einschlie\u00dflich des medizinischen Schutzes vor arbeitsbedingten Coronavirus-Risiken.<\/p>\n<p>Die Meldung des Ausschusses ist abrufbar (in englischer Sprache) unter:<\/p>\n<p><a href=\"https:\/\/www.coe.int\/en\/web\/freedom-expression\/msi-ref\/-\/most_viewed_assets\/JqA1MXiumoTd\/content\/freedom-of-expression-and-information-in-times-of-crisis?inheritRedirect=false&amp;redirect=https%3A%2F%2Fwww.coe.int%2Fen%2Fweb%2Ffreedom-expression%2Fmsi-ref%3Fp_p_id%3D193_INSTANCE_JqA1MXiumoTd%26p_p_lifecycle%3D0%26p_p_state%3Dnormal%26p_p_mode%3Dview%26p_p_col_id%3Dcolumn-3%26p_p_col_count%3D1\">https:\/\/www.coe.int\/en\/web\/freedom-expression\/msi-ref\/-\/most_viewed_assets\/JqA1MXiumoTd\/content\/freedom-of-expression-and-information-in-times-of-crisis?inheritRedirect=false&amp;redirect=https%3A%2F%2Fwww.coe.int%2Fen%2Fweb%2Ffreedom-expression%2Fmsi-ref%3Fp_p_id%3D193_INSTANCE_JqA1MXiumoTd%26p_p_lifecycle%3D0%26p_p_state%3Dnormal%26p_p_mode%3Dview%26p_p_col_id%3Dcolumn-3%26p_p_col_count%3D1<\/a><\/p>\n<p>&nbsp;<\/p>\n","protected":false},"excerpt":{"rendered":"<p>Prof Dr. Mark D. Cole, wissenschaftlicher Direktor des Instituts f\u00fcr Europ\u00e4isches Medienrecht (EMR), wurde vor Kurzem als Experte in den Ausschuss \u201eMedia Environment and Reform\u201c des Europarates berufen (Meldung). Das Gremium hat nun auf die Gefahren f\u00fcr die Meinungsfreiheit im Zusammenhang mit der Coronavirus-Pandemie hingewiesen. Die COVID-19 Krise verursache einen Notstand im Bereich der \u00f6ffentlichen [&hellip;]<\/p>\n","protected":false},"author":1,"featured_media":5174,"comment_status":"closed","ping_status":"open","sticky":false,"template":"","format":"standard","meta":{"_et_pb_use_builder":"","_et_pb_old_content":"","_et_gb_content_width":"","footnotes":""},"categories":[224,1],"tags":[],"class_list":["post-5173","post","type-post","status-publish","format-standard","has-post-thumbnail","hentry","category-nachrichten","category-aktuelles","et-has-post-format-content","et_post_format-et-post-format-standard"],"translation":{"provider":"WPGlobus","version":"3.0.2","language":"fr","enabled_languages":["de","fr","gb"],"languages":{"de":{"title":true,"content":true,"excerpt":false},"fr":{"title":false,"content":false,"excerpt":false},"gb":{"title":false,"content":false,"excerpt":false}}},"_links":{"self":[{"href":"https:\/\/emr-sb.de\/fr\/wp-json\/wp\/v2\/posts\/5173","targetHints":{"allow":["GET"]}}],"collection":[{"href":"https:\/\/emr-sb.de\/fr\/wp-json\/wp\/v2\/posts"}],"about":[{"href":"https:\/\/emr-sb.de\/fr\/wp-json\/wp\/v2\/types\/post"}],"author":[{"embeddable":true,"href":"https:\/\/emr-sb.de\/fr\/wp-json\/wp\/v2\/users\/1"}],"replies":[{"embeddable":true,"href":"https:\/\/emr-sb.de\/fr\/wp-json\/wp\/v2\/comments?post=5173"}],"version-history":[{"count":3,"href":"https:\/\/emr-sb.de\/fr\/wp-json\/wp\/v2\/posts\/5173\/revisions"}],"predecessor-version":[{"id":5177,"href":"https:\/\/emr-sb.de\/fr\/wp-json\/wp\/v2\/posts\/5173\/revisions\/5177"}],"wp:featuredmedia":[{"embeddable":true,"href":"https:\/\/emr-sb.de\/fr\/wp-json\/wp\/v2\/media\/5174"}],"wp:attachment":[{"href":"https:\/\/emr-sb.de\/fr\/wp-json\/wp\/v2\/media?parent=5173"}],"wp:term":[{"taxonomy":"category","embeddable":true,"href":"https:\/\/emr-sb.de\/fr\/wp-json\/wp\/v2\/categories?post=5173"},{"taxonomy":"post_tag","embeddable":true,"href":"https:\/\/emr-sb.de\/fr\/wp-json\/wp\/v2\/tags?post=5173"}],"curies":[{"name":"wp","href":"https:\/\/api.w.org\/{rel}","templated":true}]}}