{"id":5195,"date":"2020-04-08T12:51:49","date_gmt":"2020-04-08T10:51:49","guid":{"rendered":"https:\/\/emr-sb.de\/?p=5195"},"modified":"2020-04-08T12:51:49","modified_gmt":"2020-04-08T10:51:49","slug":"covid-massnahmen-tracker-im-audiovisuellen-mediensektor","status":"publish","type":"post","link":"https:\/\/emr-sb.de\/fr\/covid-massnahmen-tracker-im-audiovisuellen-mediensektor\/","title":{"rendered":"COVID-Ma\u00dfnahmen-Tracker im audiovisuellen Mediensektor"},"content":{"rendered":"<p class=\"multiplecolumns2\">Die COVID-19-Krise stellt den audiovisuellen Sektor vor beispiellose Herausforderungen, denen mit unterschiedlichen Ma\u00dfnahmen begegnet wird. <span lang=\"DE\">Seit Mitte M\u00e4rz 2020 erfasst die Europ\u00e4ische Audiovisuelle Informationsstelle (EAI) diese spezifischen nationalen Ma\u00dfnahmen zur Unterst\u00fctzung des audiovisuellen Sektors in den 41 Mitgliedstaaten der Europ\u00e4ischen Audiovisuellen Informationsstelle. Dar\u00fcber hinaus ber\u00fccksichtigt die EAI Ma\u00dfnahmen, die auf Ebene der Europ\u00e4ischen Union eingef\u00fchrt wurden, zum Beispiel im Zusammenhang mit dem Program Kreatives Europa der Europ\u00e4ischen Kommission, wie auch Ma\u00dfnahmen des Europarats.<br \/>\n<\/span><\/p>\n<p><span lang=\"DE\">Die Ma\u00dfnahmen, die von der EAI erfasst werden, sind sektorspezifisch im Bereich der audiovisuellen Medien und umfassen beispielsweise \u00f6ffentliche Unterst\u00fctzung, Regulierung, Branchen\u00fcbereinkommen und politische Erkl\u00e4rungen. Werden allgemeinere, \u00fcbergeordnete Ma\u00dfnahmen ergriffen, zum Beispiel im Bereich Besch\u00e4ftigung, werden sie erfasst, soweit ihre Anwendung auch auf den audiovisuellen Sektor eine Besonderheit darstellt<\/span><\/p>\n<p>Das Institut f\u00fcr Europ\u00e4isches Medienrecht (EMR) unterst\u00fctzt als Partnerinstitut der EAI den Ma\u00dfnahmen-Tracker mit Hinweisen aus Deutschland sowie vertiefenden Beitr\u00e4gen im Rahmen des IRIS Newsletter. Der Tracker wird als Excel Tabelle bereit gestellt und ist abrufbar unter:<\/p>\n<p><a href=\"https:\/\/www.obs.coe.int\/de\/web\/observatoire\/covid-19-audiovisual-sector-measures\">https:\/\/www.obs.coe.int\/de\/web\/observatoire\/covid-19-audiovisual-sector-measures<\/a><\/p>\n<p>&nbsp;<\/p>\n","protected":false},"excerpt":{"rendered":"<p>Die COVID-19-Krise stellt den audiovisuellen Sektor vor beispiellose Herausforderungen, denen mit unterschiedlichen Ma\u00dfnahmen begegnet wird. Seit Mitte M\u00e4rz 2020 erfasst die Europ\u00e4ische Audiovisuelle Informationsstelle (EAI) diese spezifischen nationalen Ma\u00dfnahmen zur Unterst\u00fctzung des audiovisuellen Sektors in den 41 Mitgliedstaaten der Europ\u00e4ischen Audiovisuellen Informationsstelle. Dar\u00fcber hinaus ber\u00fccksichtigt die EAI Ma\u00dfnahmen, die auf Ebene der Europ\u00e4ischen Union eingef\u00fchrt [&hellip;]<\/p>\n","protected":false},"author":1,"featured_media":5175,"comment_status":"closed","ping_status":"open","sticky":false,"template":"","format":"standard","meta":{"_et_pb_use_builder":"","_et_pb_old_content":"","_et_gb_content_width":"","footnotes":""},"categories":[224,1,24],"tags":[],"class_list":["post-5195","post","type-post","status-publish","format-standard","has-post-thumbnail","hentry","category-nachrichten","category-aktuelles","category-av-mediendienste","et-has-post-format-content","et_post_format-et-post-format-standard"],"translation":{"provider":"WPGlobus","version":"3.0.2","language":"fr","enabled_languages":["de","fr","gb"],"languages":{"de":{"title":true,"content":true,"excerpt":false},"fr":{"title":false,"content":false,"excerpt":false},"gb":{"title":false,"content":false,"excerpt":false}}},"_links":{"self":[{"href":"https:\/\/emr-sb.de\/fr\/wp-json\/wp\/v2\/posts\/5195","targetHints":{"allow":["GET"]}}],"collection":[{"href":"https:\/\/emr-sb.de\/fr\/wp-json\/wp\/v2\/posts"}],"about":[{"href":"https:\/\/emr-sb.de\/fr\/wp-json\/wp\/v2\/types\/post"}],"author":[{"embeddable":true,"href":"https:\/\/emr-sb.de\/fr\/wp-json\/wp\/v2\/users\/1"}],"replies":[{"embeddable":true,"href":"https:\/\/emr-sb.de\/fr\/wp-json\/wp\/v2\/comments?post=5195"}],"version-history":[{"count":2,"href":"https:\/\/emr-sb.de\/fr\/wp-json\/wp\/v2\/posts\/5195\/revisions"}],"predecessor-version":[{"id":5197,"href":"https:\/\/emr-sb.de\/fr\/wp-json\/wp\/v2\/posts\/5195\/revisions\/5197"}],"wp:featuredmedia":[{"embeddable":true,"href":"https:\/\/emr-sb.de\/fr\/wp-json\/wp\/v2\/media\/5175"}],"wp:attachment":[{"href":"https:\/\/emr-sb.de\/fr\/wp-json\/wp\/v2\/media?parent=5195"}],"wp:term":[{"taxonomy":"category","embeddable":true,"href":"https:\/\/emr-sb.de\/fr\/wp-json\/wp\/v2\/categories?post=5195"},{"taxonomy":"post_tag","embeddable":true,"href":"https:\/\/emr-sb.de\/fr\/wp-json\/wp\/v2\/tags?post=5195"}],"curies":[{"name":"wp","href":"https:\/\/api.w.org\/{rel}","templated":true}]}}