{"id":5258,"date":"2020-06-25T12:37:06","date_gmt":"2020-06-25T10:37:06","guid":{"rendered":"http:\/\/emr-sb.de\/?p=5258"},"modified":"2020-06-26T12:38:32","modified_gmt":"2020-06-26T10:38:32","slug":"bgh-erfolg-fuer-bundeskartellamt-im-streit-gegen-facebook","status":"publish","type":"post","link":"https:\/\/emr-sb.de\/fr\/bgh-erfolg-fuer-bundeskartellamt-im-streit-gegen-facebook\/","title":{"rendered":"BGH: Erfolg f\u00fcr Bundeskartellamt im Streit gegen Facebook"},"content":{"rendered":"<p>Mit Beschluss vom 23.6.2020 hat der Bundesgerichtshof vorl\u00e4ufig den Vorwurf der missbr\u00e4uchlichen Ausnutzung einer marktbeherrschenden Stellung durch Facebook best\u00e4tigt. Das Bundeskartellamt hatte Facebook untersagt, Daten, die bei einer von der Facebook-Plattform unabh\u00e4ngigen Internetnutzung erfasst werden, ohne weitere Einwilligung der privaten Nutzer zu verarbeiten. Nach der Entscheidung des BGH darf das Verbot nun durchgesetzt werden.<\/p>\n<p>Hintergrund ist die Verwendung und Verarbeitung von personenbezogenen Daten durch Facebook aus der Nutzung anderer konzerneigener Dienste wie Instagram sowie aus sonstigen Internetaktivit\u00e4ten von Nutzern au\u00dferhalb von facebook.com. Die Teilnahme am werbefinanzierten sozialen Netzwerk setzte dabei eine Zustimmung zu den Facebook-Nutzungsbedingungen voraus, die eine entsprechende Verwendung der Nutzerdaten vorsieht. \u00dcber die Funktionen von &#8220;Facebook Analytics&#8221; erhalten Unternehmen und Werbepartner auf diese Weise aggregierte Daten dar\u00fcber, die Nutzer \u00fcber verschiedene Ger\u00e4te, Plattformen und Internetseiten hinweg mit den von angebotenen Diensten interagieren.<\/p>\n<p>Das Bundeskartellamt sieht in der Verwendung der Nutzungsbedingungen und entsprechender Zusammenf\u00fchrung von Daten aus den verschiedenen Quellen einen Versto\u00df gegen das Verbot eine marktbeherrschende Stellung missbr\u00e4uchlich auszunutzen, \u00a7 19 Abs. 1 GWB. Insbesondere missbrauche Facebook seine marktbeherrschende Stellung auf dem nationalen Markt, indem die Verkn\u00fcpfung au\u00dferhalb von facebook.com generierte nutzer- und nutzerger\u00e4tebezogene Daten ohne weitere Einwilligung der Nutzer erfolgt. Mit Beschluss vom 6.2.2019 untersagte das Bundeskartellamt Facebook und weiteren Konzerngesellschaften, entsprechende Nutzungsbedingungen zu verwenden und personenbezogene Daten entsprechend zu verarbeiten. Facebook hatte daraufhin vor dem OLG D\u00fcsseldorf Beschwerde eingelegt. Das OLD D\u00fcsseldorf hatte wegen ernstlicher Zweifel an der Rechtm\u00e4\u00dfigkeit der Verf\u00fcgung die aufschiebende Wirkung der Beschwerde angeordnet. Der Kartellsenat des BGH hat diese Entscheidung nun aufgehoben. Nach Ansicht der Richter bestehen weder ernsthafte Zweifel an der marktbeherrschenden Stellung von Facebook auf dem deutschen Markt f\u00fcr soziale Netzwerke noch daran, dass Facebook diese Stellung missbr\u00e4uchlich ausnutzt.<\/p>\n<p>F\u00fcr die Einordnung sei auch nicht ma\u00dfgeblich, ob die Verarbeitung und Nutzung von personenbezogenen Daten mit den Vorschriften der Datenschutz-Grundverordnung in Einklang stehen. Es sei allerdings entscheidend, ob den privaten Facebook-Nutzern bzgl. der Personalisierung des Nutzungserlebnisses Wahlm\u00f6glichkeiten gelassen w\u00fcrden. Zudem tr\u00fcge Facebook als marktbeherrschender Netzwerkbetreiber eine besondere Verantwortung f\u00fcr die Aufrechterhaltung des noch bestehenden Wettbewerbs auf dem Markt sozialer Netzwerke.<\/p>\n<p>&nbsp;<\/p>\n<p>Die Pressemitteilung des BGH zum Beschluss vom 23.6.2020 &#8211; KVR 69\/19 ist abrufbar unter:<\/p>\n<p><a href=\"https:\/\/www.bundesgerichtshof.de\/SharedDocs\/Pressemitteilungen\/DE\/2020\/2020080.html\">https:\/\/www.bundesgerichtshof.de\/SharedDocs\/Pressemitteilungen\/DE\/2020\/2020080.html<\/a><\/p>\n","protected":false},"excerpt":{"rendered":"<p>Mit Beschluss vom 23.6.2020 hat der Bundesgerichtshof vorl\u00e4ufig den Vorwurf der missbr\u00e4uchlichen Ausnutzung einer marktbeherrschenden Stellung durch Facebook best\u00e4tigt. Das Bundeskartellamt hatte Facebook untersagt, Daten, die bei einer von der Facebook-Plattform unabh\u00e4ngigen Internetnutzung erfasst werden, ohne weitere Einwilligung der privaten Nutzer zu verarbeiten. Nach der Entscheidung des BGH darf das Verbot nun durchgesetzt werden. Hintergrund [&hellip;]<\/p>\n","protected":false},"author":1,"featured_media":4007,"comment_status":"closed","ping_status":"open","sticky":false,"template":"","format":"standard","meta":{"_et_pb_use_builder":"","_et_pb_old_content":"","_et_gb_content_width":"","footnotes":""},"categories":[224,1,223],"tags":[],"class_list":["post-5258","post","type-post","status-publish","format-standard","has-post-thumbnail","hentry","category-nachrichten","category-aktuelles","category-wettbewerbs-und-kartellrecht","et-has-post-format-content","et_post_format-et-post-format-standard"],"translation":{"provider":"WPGlobus","version":"3.0.2","language":"fr","enabled_languages":["de","fr","gb"],"languages":{"de":{"title":true,"content":true,"excerpt":false},"fr":{"title":false,"content":false,"excerpt":false},"gb":{"title":false,"content":false,"excerpt":false}}},"_links":{"self":[{"href":"https:\/\/emr-sb.de\/fr\/wp-json\/wp\/v2\/posts\/5258","targetHints":{"allow":["GET"]}}],"collection":[{"href":"https:\/\/emr-sb.de\/fr\/wp-json\/wp\/v2\/posts"}],"about":[{"href":"https:\/\/emr-sb.de\/fr\/wp-json\/wp\/v2\/types\/post"}],"author":[{"embeddable":true,"href":"https:\/\/emr-sb.de\/fr\/wp-json\/wp\/v2\/users\/1"}],"replies":[{"embeddable":true,"href":"https:\/\/emr-sb.de\/fr\/wp-json\/wp\/v2\/comments?post=5258"}],"version-history":[{"count":2,"href":"https:\/\/emr-sb.de\/fr\/wp-json\/wp\/v2\/posts\/5258\/revisions"}],"predecessor-version":[{"id":5260,"href":"https:\/\/emr-sb.de\/fr\/wp-json\/wp\/v2\/posts\/5258\/revisions\/5260"}],"wp:featuredmedia":[{"embeddable":true,"href":"https:\/\/emr-sb.de\/fr\/wp-json\/wp\/v2\/media\/4007"}],"wp:attachment":[{"href":"https:\/\/emr-sb.de\/fr\/wp-json\/wp\/v2\/media?parent=5258"}],"wp:term":[{"taxonomy":"category","embeddable":true,"href":"https:\/\/emr-sb.de\/fr\/wp-json\/wp\/v2\/categories?post=5258"},{"taxonomy":"post_tag","embeddable":true,"href":"https:\/\/emr-sb.de\/fr\/wp-json\/wp\/v2\/tags?post=5258"}],"curies":[{"name":"wp","href":"https:\/\/api.w.org\/{rel}","templated":true}]}}