{"id":5350,"date":"2020-09-11T12:41:00","date_gmt":"2020-09-11T10:41:00","guid":{"rendered":"http:\/\/emr-sb.de\/?p=5350"},"modified":"2020-12-14T14:26:46","modified_gmt":"2020-12-14T13:26:46","slug":"vod-time-to-reflect","status":"publish","type":"post","link":"https:\/\/emr-sb.de\/fr\/vod-time-to-reflect\/","title":{"rendered":"Nun auch als VoD: Time to reflect &#8211; approaches for a new EU media policy"},"content":{"rendered":"<p>Zeit zum Reflektieren und Ans\u00e4tze f\u00fcr eine neue Medienpolitik zu finden, nahmen sich gestern hochrangige Experten aus der Medienbranche und Medienwissenschaft. Anlass war die Veranstaltung \u201c<strong>Time to reflect \u2013 approaches for a new EU media policy<\/strong>\u201d, die vom <strong>Institut f\u00fcr Europ\u00e4isches Medienrecht (EMR) in Kooperation mit den L\u00e4ndern<\/strong> organisiert wurde. Die Focus Session war dabei Teil der digitalen Konferenzreihe\u00a0\u201c<strong>Pluralism and Responsibility. Media in the Digital Society!<\/strong>\u201d, die vom <strong>Bundesministerium f\u00fcr Kultur und Bildung (BKM) anl\u00e4sslich des\u00a0deutschen EU-Ratsvorsitzes<\/strong> in Kooperation mit einigen ausgew\u00e4hlten Einrichtungen aus dem Bereich der Medienwissenschaft organisiert wurde.\u00a0Die englischsprachige Serie l\u00e4uft noch bis zum 29. Oktober 2020 und besteht aus einer\u00a0<a href=\"http:\/\/eu2020-medienkonferenz.de\/en\/kick-off-conference\/\">Auftaktveranstaltung<\/a>\u00a0,\u00a0<a href=\"http:\/\/eu2020-medienkonferenz.de\/en\/session-1\/\">f\u00fcnf Fokussitzungen<\/a>\u00a0\u00a0und einer\u00a0<a href=\"http:\/\/eu2020-medienkonferenz.de\/en\/closing-conference\/\">Abschlussveranstaltung<\/a>.<\/p>\n<p>Die Focus Session des EMR und der L\u00e4nder widmete sich dabei der spannenden Frage, ob der neue deutsche Medienstaatsvertrag ein Modell f\u00fcr EU-weite Plattform- und Intermedi\u00e4rsvorschriften sein und \/ oder \u201cbest practices\u201d f\u00fcr andere EU-Mitgliedstaaten bereitstellen k\u00f6nnte sowie damit,\u00a0ob auf europ\u00e4ischer Ebene in Zukunft eher ein horizontaler als ein sektorspezifischer Regulierungsansatz erforderlich sein wird.\u00a0<\/p>\n<p>Akteure aus der Medienbranche betrachteten unter der Moderation von <strong>Prof. Dr. Stephan Ory, Direktor des EMR<\/strong>, einzelne Elemente des Medienstaatsvertrags aus verschiedenen Blickwinkeln:\u00a0<\/p>\n<ul>\n<li><strong>Carine Lea Chardon (ZVEI),<\/strong> die sich mit Benutzeroberfl\u00e4chen aus der Perspektive von Regulierung, Anbietern und Nutzern befasste;\u00a0<\/li>\n<li><strong>Gr\u00e9goire Polad (ACT)<\/strong>, der der Frage nachging, ob es in Zukunft einer strengeren Regulierung von Video-Sharing-Plattformen und einer Abkehr von Selbstregulierungsmechanismen bedarf\u00a0<\/li>\n<li><strong>Michael Neuber (Google Germany)<\/strong>, der \u00fcber die praktische Umsetzung von Transparenz- und Nichtdiskriminierungsvorgaben aus dem Medienstaatsvertrag berichtete und auf Risiken einer k\u00fcnftigen, weiteren Regulierung hinwies,\u00a0<\/li>\n<li><strong>Dr. Richard Burnley (EBU),<\/strong> der erl\u00e4uterte,\u00a0welche Regelungen erforderlich sind, damit Inhalte von allgemeinem Interesse, insbesondere die des \u00f6ffentlich-rechtlichen Rundfunks, online besser zug\u00e4nglich sind und<\/li>\n<li><strong>Dr. Daniel Knapp<\/strong>, der aufzeigte, welche Chancen und Risiken der Medienstaatsvertrag f\u00fcr andere Mitgliedsstaaten bedeuten kann.<\/li>\n<\/ul>\n<p><strong>Prof. Dr. Mark D. Cole, wissenschaftlicher Direktor des EMR<\/strong>, begleitete die Veranstaltung aus einem wissenschaftlichen Blickwinkel und sprach dabei Chancen und Risiken einer zuk\u00fcnftigen Regulierungen im Plattformbereich an.\u00a0<\/p>\n<p><strong>Dabei blicken wir auf eine gelungene Veranstaltung zur\u00fcck, in der neue und interessante Eindr\u00fccke aufkamen, die in die kommende politische Debatte und die nun anstehende deutsche EU-Ratspr\u00e4sidentschaft einflie\u00dfen k\u00f6nnten. Wir freuen uns daher, Ihnen die Veranstaltung auf diesem Wege auch als Video-on-Demand zur Verf\u00fcgung stellen zu k\u00f6nnen.\u00a0<\/strong><\/p>\n","protected":false},"excerpt":{"rendered":"<p>Zeit zum Reflektieren und Ans\u00e4tze f\u00fcr eine neue Medienpolitik zu finden, nahmen sich gestern hochrangige Experten aus der Medienbranche und Medienwissenschaft. Anlass war die Veranstaltung \u201cTime to reflect \u2013 approaches for a new EU media policy\u201d, die vom Institut f\u00fcr Europ\u00e4isches Medienrecht (EMR) in Kooperation mit den L\u00e4ndern organisiert wurde. Die Focus Session war dabei [&hellip;]<\/p>\n","protected":false},"author":4,"featured_media":0,"comment_status":"closed","ping_status":"closed","sticky":false,"template":"","format":"standard","meta":{"_et_pb_use_builder":"","_et_pb_old_content":"","_et_gb_content_width":"","footnotes":""},"categories":[3,1,24,28,21,221,376],"tags":[],"class_list":["post-5350","post","type-post","status-publish","format-standard","hentry","category-aktuelle-meldung","category-aktuelles","category-av-mediendienste","category-e-commerce","category-tagungsbericht","category-telemedienrecht","category-video","et_post_format-et-post-format-video","et-has-post-format-content"],"translation":{"provider":"WPGlobus","version":"3.0.2","language":"fr","enabled_languages":["de","fr","gb"],"languages":{"de":{"title":true,"content":true,"excerpt":false},"fr":{"title":false,"content":false,"excerpt":false},"gb":{"title":false,"content":false,"excerpt":false}}},"_links":{"self":[{"href":"https:\/\/emr-sb.de\/fr\/wp-json\/wp\/v2\/posts\/5350","targetHints":{"allow":["GET"]}}],"collection":[{"href":"https:\/\/emr-sb.de\/fr\/wp-json\/wp\/v2\/posts"}],"about":[{"href":"https:\/\/emr-sb.de\/fr\/wp-json\/wp\/v2\/types\/post"}],"author":[{"embeddable":true,"href":"https:\/\/emr-sb.de\/fr\/wp-json\/wp\/v2\/users\/4"}],"replies":[{"embeddable":true,"href":"https:\/\/emr-sb.de\/fr\/wp-json\/wp\/v2\/comments?post=5350"}],"version-history":[{"count":4,"href":"https:\/\/emr-sb.de\/fr\/wp-json\/wp\/v2\/posts\/5350\/revisions"}],"predecessor-version":[{"id":5355,"href":"https:\/\/emr-sb.de\/fr\/wp-json\/wp\/v2\/posts\/5350\/revisions\/5355"}],"wp:attachment":[{"href":"https:\/\/emr-sb.de\/fr\/wp-json\/wp\/v2\/media?parent=5350"}],"wp:term":[{"taxonomy":"category","embeddable":true,"href":"https:\/\/emr-sb.de\/fr\/wp-json\/wp\/v2\/categories?post=5350"},{"taxonomy":"post_tag","embeddable":true,"href":"https:\/\/emr-sb.de\/fr\/wp-json\/wp\/v2\/tags?post=5350"}],"curies":[{"name":"wp","href":"https:\/\/api.w.org\/{rel}","templated":true}]}}