{"id":5646,"date":"2021-02-03T14:14:53","date_gmt":"2021-02-03T13:14:53","guid":{"rendered":"https:\/\/emr-sb.de\/?p=5646"},"modified":"2021-02-03T14:15:23","modified_gmt":"2021-02-03T13:15:23","slug":"5646-2","status":"publish","type":"post","link":"https:\/\/emr-sb.de\/fr\/5646-2\/","title":{"rendered":"EuGH zum Verbot regionalisierter Werbung im bundesweiten Rundfunk in Deutschland"},"content":{"rendered":"<p>Heute hat der EuGH in der Rechtssache C-555\/19 &#8211; Fussl Modestra\u00dfe Mayr &#8211; sein Urteil gesprochen: Das grunds\u00e4tzliche Verbot aus dem deutschen Medienstaatsvertrag, im Rahmen bundesweit ausgestrahlter deutscher Fernsehprogramme Werbung nur regional zu zeigen, k\u00f6nnte gegen Unionsrecht, insbesondere die Dienstleistungsfreiheit, versto\u00dfen &#8211; so der EuGH im Ergebnis. Dabei hegt der EuGH insbesondere Zweifel an der Verh\u00e4ltnism\u00e4\u00dfigkeit des \u00a7 7 Abs. 11 RStV (nunmehr \u00a7 8 Abs. 11 MStV), der von den deutschen Landesgesetzgebern insbesondere aus Gr\u00fcnden der Vielfaltssicherung (die Einnahmen aus der regionalen Werbung sollen regionalen und lokalen Veranstaltern vorbehalten bleiben) eingef\u00fchrt wurde. Das umfassende Verbot &#8211; so nun aber der EuGH &#8211; k\u00f6nnte \u00fcber das hinausgehen, was erforderlich w\u00e4re, um den pluralistischen Charakter des Fernsehprogrammangebots zu wahren, und k\u00f6nnte es zu einer unzul\u00e4ssigen Ungleichbehandlung der nationalen Fernsehveranstalter und der Anbieter von Werbedienstleistungen im Internet f\u00fchren.\u00a0<\/p>\n<p>Das Verfahren vor dem EuGH geht auf ein Verfahren vor dem Landgericht Stuttgart zur\u00fcck. Die \u00f6sterreichische Fussl Modestra\u00dfe Mayr GmbH betreibt eine Kette von Modegesch\u00e4ften in \u00d6sterreich und im Freistaat Bayern. Im Mai 2018 schloss Fussl mit der deutschen SevenOne Media GmbH, welche die Vermarktungsgesellschaft der deutschen ProSiebenSat.1-Gruppe ist, einen Vertrag \u00fcber die auf den Freistaat Bayern beschr\u00e4nkte Ausstrahlung von Fernsehwerbung im Rahmen des bundesweiten Programms von ProSieben \u00fcber die bayerischen Kabelnetze der Vodafone Kabel Deutschland GmbH. SevenOne Media verweigerte die Erf\u00fcllung dieses Vertrags mit der Begr\u00fcndung, dass es ihr nach dem Rundfunkstaatsvertrag (\u00a7 7 Abs. 11 RStV) untersagt sei, Fernsehwerbung im Rahmen bundesweit ausgestrahlter Programme regional auszustrahlen. Nach dem Rundfunkstaatsvertrag haben die Bundesl\u00e4nder zwar die M\u00f6glichkeit, regionale Werbung auf nationalen Fernsehkan\u00e4len zuzulassen, bislang hat jedoch keines der L\u00e4nder von dieser M\u00f6glichkeit Gebrauch gemacht. Fussl erhob daraufhin Klage beim Landgericht Stuttgart und beantragte, SevenOne Media zur Erf\u00fcllung ihrer vertraglichen Verpflichtungen zu verurteilen. Das Landgericht legte dem EuGH daraufhin Fragen vor zur Vereinbarkeit des in Rede stehenden Verbots mit Unionsrecht.<\/p>\n<p>Das EMR hat sich unter Autorenschaft von Prof. Dr. Mark D. Cole im vergangenen Jahr gutachterlich mit Fragen &#8220;<a href=\"https:\/\/emr-sb.de\/gutachten_regionalwerbeverbot\/\">Zum Gestaltungsspielraum der EU-Mitgliedstaaten bei Einschr\u00e4nkungen der Dienstleistungsfreiheit<\/a>&#8221; befasst. Dabei erfolgte die Untersuchung am Beispiel der Regelung des \u00a7 7 Abs. 11 RStV insbesondere im Lichte der mitgliedstaatlichen Gestaltungsspielr\u00e4ume bei der Medienvielfaltssicherung. Vor diesem Hintergrund wird in K\u00fcrze auch das heutige Urteil des EuGH durch das EMR nochmals eingehend betrachtet werden.\u00a0<\/p>\n","protected":false},"excerpt":{"rendered":"<p>Heute hat der EuGH in der Rechtssache C-555\/19 &#8211; Fussl Modestra\u00dfe Mayr &#8211; sein Urteil gesprochen: Das grunds\u00e4tzliche Verbot aus dem deutschen Medienstaatsvertrag, im Rahmen bundesweit ausgestrahlter deutscher Fernsehprogramme Werbung nur regional zu zeigen, k\u00f6nnte gegen Unionsrecht, insbesondere die Dienstleistungsfreiheit, versto\u00dfen &#8211; so der EuGH im Ergebnis. Dabei hegt der EuGH insbesondere Zweifel an der [&hellip;]<\/p>\n","protected":false},"author":4,"featured_media":3214,"comment_status":"closed","ping_status":"closed","sticky":false,"template":"","format":"standard","meta":{"_et_pb_use_builder":"","_et_pb_old_content":"","_et_gb_content_width":"","footnotes":""},"categories":[224,1,24,219,30],"tags":[],"class_list":["post-5646","post","type-post","status-publish","format-standard","has-post-thumbnail","hentry","category-nachrichten","category-aktuelles","category-av-mediendienste","category-kommerzielle-kommunikation","category-werberecht","et-has-post-format-content","et_post_format-et-post-format-standard"],"translation":{"provider":"WPGlobus","version":"3.0.2","language":"fr","enabled_languages":["de","fr","gb"],"languages":{"de":{"title":true,"content":true,"excerpt":false},"fr":{"title":false,"content":false,"excerpt":false},"gb":{"title":false,"content":false,"excerpt":false}}},"_links":{"self":[{"href":"https:\/\/emr-sb.de\/fr\/wp-json\/wp\/v2\/posts\/5646","targetHints":{"allow":["GET"]}}],"collection":[{"href":"https:\/\/emr-sb.de\/fr\/wp-json\/wp\/v2\/posts"}],"about":[{"href":"https:\/\/emr-sb.de\/fr\/wp-json\/wp\/v2\/types\/post"}],"author":[{"embeddable":true,"href":"https:\/\/emr-sb.de\/fr\/wp-json\/wp\/v2\/users\/4"}],"replies":[{"embeddable":true,"href":"https:\/\/emr-sb.de\/fr\/wp-json\/wp\/v2\/comments?post=5646"}],"version-history":[{"count":3,"href":"https:\/\/emr-sb.de\/fr\/wp-json\/wp\/v2\/posts\/5646\/revisions"}],"predecessor-version":[{"id":5648,"href":"https:\/\/emr-sb.de\/fr\/wp-json\/wp\/v2\/posts\/5646\/revisions\/5648"}],"wp:featuredmedia":[{"embeddable":true,"href":"https:\/\/emr-sb.de\/fr\/wp-json\/wp\/v2\/media\/3214"}],"wp:attachment":[{"href":"https:\/\/emr-sb.de\/fr\/wp-json\/wp\/v2\/media?parent=5646"}],"wp:term":[{"taxonomy":"category","embeddable":true,"href":"https:\/\/emr-sb.de\/fr\/wp-json\/wp\/v2\/categories?post=5646"},{"taxonomy":"post_tag","embeddable":true,"href":"https:\/\/emr-sb.de\/fr\/wp-json\/wp\/v2\/tags?post=5646"}],"curies":[{"name":"wp","href":"https:\/\/api.w.org\/{rel}","templated":true}]}}