{"id":6252,"date":"2022-04-12T15:07:30","date_gmt":"2022-04-12T13:07:30","guid":{"rendered":"https:\/\/emr-sb.de\/?p=6252"},"modified":"2022-04-12T15:07:30","modified_gmt":"2022-04-12T13:07:30","slug":"ufita-2-21-veroeffentlicht-beitrag-von-joerg-ukrow","status":"publish","type":"post","link":"https:\/\/emr-sb.de\/fr\/ufita-2-21-veroeffentlicht-beitrag-von-joerg-ukrow\/","title":{"rendered":"UFITA 2\/21 ver\u00f6ffentlicht, Beitrag von J\u00f6rg Ukrow"},"content":{"rendered":"<p>Die UFITA wurde 1928 als \u201eArchiv f\u00fcr Urheber-, Film- und Theaterrecht\u201c gegr\u00fcndet und geh\u00f6rt seitdem zu den f\u00fchrenden Zeitschriften zum Recht des Geistigen Eigentums. Seit dem Jahr 2018 erscheint sie als neu konzipierte interdisziplin\u00e4re Zeitschrift f\u00fcr Medienrecht und Medienwissenschaft im Nomos-Verlag. Als Gemeinschaftsproduktion des EMR und des M\u00fcnchner Instituts f\u00fcr Urheber- und Medienrecht (IUM) wird die UFITA seitdem herausgegeben vom wissenschaftlichen Direktor des EMR, Prof. Dr. Mark D. Cole, gemeinsam mit Prof. Dr. Nadine Klass, LL.M. (Wellington), Direktorin des IUM und verantwortliche Schriftleiterin.<\/p>\n<p>Heft 2\/21 ist nunmehr erschienen. Die Ausgabe behandelt im Schwerpunkt das IUM-Symposium zum Thema &#8220;Aktuelle Fragen der Rechtsdurchsetzung im Online-Bereich&#8221;, das im Sommer vergangenen Jahres online stattgefunden hat. Neben dem Tagungsbericht von Nina Hobbing, wissenschaftliche Mitarbeiterin am IUM, sind einzelne Vortr\u00e4ge des Symposiums im neuen Heft verschriftlicht. Dazu geh\u00f6rt auch der Beitrag des gesch\u00e4ftsf\u00fchrenden Vorstandsmitglieds des EMR, Dr. J\u00f6rg Ukrow, zum Thema &#8220;Rechtsdurchsetzung bei der Verbreitung von Hate Speech und terroristischen Inhalten&#8221;.<\/p>\n<p><img decoding=\"async\" class=\"aligncenter\" src=\"https:\/\/emr-sb.de\/wp-content\/uploads\/2022\/04\/UFITA-2-21.png\" alt=\"\" \/><\/p>\n<p>Weitere Beitr\u00e4ge sind:\u00a0<\/p>\n<table style=\"border-collapse: collapse; width: 100%; height: 154px;\" border=\"1\">\n<tbody>\n<tr style=\"height: 24px;\">\n<td style=\"width: 19.103%; height: 24px;\">Franz Hofmann\/Tim Sprenger<\/td>\n<td style=\"width: 80.897%; height: 24px;\">Privatisierung der Rechtsdurchsetzung<\/td>\n<\/tr>\n<tr style=\"height: 24px;\">\n<td style=\"width: 19.103%; height: 24px;\">Pascal Schneiders<\/td>\n<td style=\"width: 80.897%; height: 24px;\">Hate Speech auf Online-Plattformen<\/td>\n<\/tr>\n<tr style=\"height: 24px;\">\n<td style=\"width: 19.103%; height: 24px;\">Helmut Haberstumpf<\/td>\n<td style=\"width: 80.897%; height: 24px;\">Sch\u00f6pfung<\/td>\n<\/tr>\n<tr style=\"height: 24px;\">\n<td style=\"width: 19.103%; height: 24px;\">Angelica Fernandez<\/td>\n<td style=\"width: 80.897%; height: 24px;\">&#8220;Deep fakes&#8221;: disentangling terms in the proposed EU Artificial Intelligence Act<\/td>\n<\/tr>\n<tr style=\"height: 24px;\">\n<td style=\"width: 19.103%; height: 24px;\">Markus Meyer<\/td>\n<td style=\"width: 80.897%; height: 24px;\">Das Bearbeitungsrecht nach \u00a7 23 UrhG und die Pasticheschranke nach \u00a7 51a UrhG als &#8220;neue freie Benutzung&#8221;?<\/td>\n<\/tr>\n<\/tbody>\n<\/table>\n<p>Das Editorial zur Ausgabe k\u00f6nnen Sie <a href=\"https:\/\/www.nomos-elibrary.de\/10.5771\/2568-9185-2021-2-209\/editorial-jahrgang-85-2021-heft-2?page=1\">hier<\/a> abrufen. Nutzer der Nomos eLibrary haben dort auch die M\u00f6glichkeit des Vollzugriffs auf das Heft.<\/p>\n<p>Bei Interesse an einem regelm\u00e4\u00dfigen Bezug bitten wir Sie, direkt mit dem Verlag in Verbindung zu treten. Weitere Informationen erhalten Sie <a href=\"https:\/\/www.nomos-shop.de\/UFITA-Archiv-Medienrecht-Medienwissenschaft\/productview.aspx?product=37637\">hier<\/a>.<\/p>\n<p>Sollten Sie Interesse an der Einreichung eines Beitrags haben, stehen wir selbstverst\u00e4ndlich f\u00fcr Fragen zur Verf\u00fcgung. Wenden Sie sich gerne telefonisch (+49 681 906 766 76) oder per E-Mail (emr [at] emr-sb.de) an uns.\u00a0<\/p>\n<p>Das UFITA-Archiv finden Sie auf den <a href=\"https:\/\/www.urheberrecht.org\/reviews\/ufita.php\">Seiten des IUM<\/a>.<\/p>\n","protected":false},"excerpt":{"rendered":"<p>Die UFITA wurde 1928 als \u201eArchiv f\u00fcr Urheber-, Film- und Theaterrecht\u201c gegr\u00fcndet und geh\u00f6rt seitdem zu den f\u00fchrenden Zeitschriften zum Recht des Geistigen Eigentums. Seit dem Jahr 2018 erscheint sie als neu konzipierte interdisziplin\u00e4re Zeitschrift f\u00fcr Medienrecht und Medienwissenschaft im Nomos-Verlag. Als Gemeinschaftsproduktion des EMR und des M\u00fcnchner Instituts f\u00fcr Urheber- und Medienrecht (IUM) wird [&hellip;]<\/p>\n","protected":false},"author":1,"featured_media":4649,"comment_status":"closed","ping_status":"closed","sticky":false,"template":"","format":"standard","meta":{"_et_pb_use_builder":"","_et_pb_old_content":"","_et_gb_content_width":"","footnotes":""},"categories":[3,1,24,23,215,356,218,21,221,25],"tags":[],"class_list":["post-6252","post","type-post","status-publish","format-standard","has-post-thumbnail","hentry","category-aktuelle-meldung","category-aktuelles","category-av-mediendienste","category-datenschutz","category-jugendmedienschutz","category-juengste-veroeffentlichungen","category-presserecht","category-tagungsbericht","category-telemedienrecht","category-urheberrecht","et-has-post-format-content","et_post_format-et-post-format-standard"],"translation":{"provider":"WPGlobus","version":"3.0.2","language":"fr","enabled_languages":["de","fr","gb"],"languages":{"de":{"title":true,"content":true,"excerpt":false},"fr":{"title":false,"content":false,"excerpt":false},"gb":{"title":false,"content":false,"excerpt":false}}},"_links":{"self":[{"href":"https:\/\/emr-sb.de\/fr\/wp-json\/wp\/v2\/posts\/6252","targetHints":{"allow":["GET"]}}],"collection":[{"href":"https:\/\/emr-sb.de\/fr\/wp-json\/wp\/v2\/posts"}],"about":[{"href":"https:\/\/emr-sb.de\/fr\/wp-json\/wp\/v2\/types\/post"}],"author":[{"embeddable":true,"href":"https:\/\/emr-sb.de\/fr\/wp-json\/wp\/v2\/users\/1"}],"replies":[{"embeddable":true,"href":"https:\/\/emr-sb.de\/fr\/wp-json\/wp\/v2\/comments?post=6252"}],"version-history":[{"count":7,"href":"https:\/\/emr-sb.de\/fr\/wp-json\/wp\/v2\/posts\/6252\/revisions"}],"predecessor-version":[{"id":6516,"href":"https:\/\/emr-sb.de\/fr\/wp-json\/wp\/v2\/posts\/6252\/revisions\/6516"}],"wp:featuredmedia":[{"embeddable":true,"href":"https:\/\/emr-sb.de\/fr\/wp-json\/wp\/v2\/media\/4649"}],"wp:attachment":[{"href":"https:\/\/emr-sb.de\/fr\/wp-json\/wp\/v2\/media?parent=6252"}],"wp:term":[{"taxonomy":"category","embeddable":true,"href":"https:\/\/emr-sb.de\/fr\/wp-json\/wp\/v2\/categories?post=6252"},{"taxonomy":"post_tag","embeddable":true,"href":"https:\/\/emr-sb.de\/fr\/wp-json\/wp\/v2\/tags?post=6252"}],"curies":[{"name":"wp","href":"https:\/\/api.w.org\/{rel}","templated":true}]}}