{"id":6804,"date":"2023-06-14T10:57:40","date_gmt":"2023-06-14T08:57:40","guid":{"rendered":"https:\/\/emr-sb.de\/?p=6804"},"modified":"2023-09-06T11:56:41","modified_gmt":"2023-09-06T09:56:41","slug":"beitrag-zur-debatte-shifting-paradigms-of-european-media-regulation-von-verfassungsblog","status":"publish","type":"post","link":"https:\/\/emr-sb.de\/fr\/beitrag-zur-debatte-shifting-paradigms-of-european-media-regulation-von-verfassungsblog\/","title":{"rendered":"Beitrag zur Debatte &#8220;Shifting Paradigms of European Media Regulation&#8221; von Verfassungsblog"},"content":{"rendered":"<p>Unter dem Leitthema &#8220;<span style=\"color: #0000ff;\"><a style=\"color: #0000ff;\" href=\"https:\/\/verfassungsblog.de\/category\/debates\/shifting-paradigms-of-european-media-regulation\/\" target=\"_blank\" rel=\"noopener\">Shifting Paradigms of European Media Regulation<\/a><\/span>&#8221; l\u00e4uft auf Verfassungsblog.de derzeit eine Debatte, die sich innerhalb verschiedener Beitr\u00e4ge von Medienrechtsexperten mit aktuellen Entwicklungen in der europ\u00e4ischen Medienregulierung befasst. Das Symposium wurde kuratiert von Viktoria Kraetzig und Neus Vidal Mart\u00ed, Fellow und Alumna des Programms re:constitution &#8211; Exchange and Analysis on Democracy and the Rule of Law in Europe. Es nimmt den vorgeschlagenen European Media Freedom Act (EMFA) als Ausgangspunkt, um zu untersuchen, wie die Medien reguliert werden, welche Auswirkungen sich daraus ergeben und wie sich andere europ\u00e4ische Regulierungsinitiativen auf die Medienfreiheit auswirken, wie z. B. GDPR, DSA oder der kommenden Anti-SLAPP-Richtlinie.\u00a0<\/p>\n<p>Christina Etteldorf, wissenschaftliche Referentin des EMR, hat zu dem Symposium unter dem Titel &#8220;<strong><span style=\"color: #0000ff;\"><a style=\"color: #0000ff;\" href=\"https:\/\/verfassungsblog.de\/why-the-words-but-and-however-determine-the-emfas-legal-basis\/\" target=\"_blank\" rel=\"noopener\">Why the Words &#8220;But&#8221; und &#8220;However&#8221; Determine the EMFA&#8217;s Legal Basis<\/a><\/span><\/strong>&#8221; beigetragen. In ihrem Beitrag befasst sie sich kritisch mit den kompetenzrechtlichen Hintergr\u00fcnden des EMFA, insbesondere mit der alleinigen Berufung auf die Rechtsgrundlage der Binnenmarktklausel des Art. 114 AEUV. Materielle Regeln, die einen kulturpolitischen Schwerpunkt haben sowie die Regulierung nicht-binnenmarktrelevanter Akteure sieht sie im gew\u00e4hlten Kompetenzrahmen kritisch und spricht sich daher f\u00fcr signifikante \u00c4nderungen unter Einhaltung mitgliedstaatlicher Kulturhoheit im kommenden Legislativprozess aus.\u00a0<\/p>\n","protected":false},"excerpt":{"rendered":"<p>Unter dem Leitthema &#8220;Shifting Paradigms of European Media Regulation&#8221; l\u00e4uft auf Verfassungsblog.de derzeit eine Debatte, die sich innerhalb verschiedener Beitr\u00e4ge von Medienrechtsexperten mit aktuellen Entwicklungen in der europ\u00e4ischen Medienregulierung befasst. Das Symposium wurde kuratiert von Viktoria Kraetzig und Neus Vidal Mart\u00ed, Fellow und Alumna des Programms re:constitution &#8211; Exchange and Analysis on Democracy and the [&hellip;]<\/p>\n","protected":false},"author":4,"featured_media":6805,"comment_status":"closed","ping_status":"closed","sticky":false,"template":"","format":"standard","meta":{"_et_pb_use_builder":"","_et_pb_old_content":"","_et_gb_content_width":"","footnotes":""},"categories":[3,1,24,395,356,218,220,221],"tags":[],"class_list":["post-6804","post","type-post","status-publish","format-standard","has-post-thumbnail","hentry","category-aktuelle-meldung","category-aktuelles","category-av-mediendienste","category-emfa","category-juengste-veroeffentlichungen","category-presserecht","category-rundfunkrecht","category-telemedienrecht","et-has-post-format-content","et_post_format-et-post-format-standard"],"translation":{"provider":"WPGlobus","version":"3.0.2","language":"fr","enabled_languages":["de","fr","gb"],"languages":{"de":{"title":true,"content":true,"excerpt":false},"fr":{"title":false,"content":false,"excerpt":false},"gb":{"title":false,"content":false,"excerpt":false}}},"_links":{"self":[{"href":"https:\/\/emr-sb.de\/fr\/wp-json\/wp\/v2\/posts\/6804","targetHints":{"allow":["GET"]}}],"collection":[{"href":"https:\/\/emr-sb.de\/fr\/wp-json\/wp\/v2\/posts"}],"about":[{"href":"https:\/\/emr-sb.de\/fr\/wp-json\/wp\/v2\/types\/post"}],"author":[{"embeddable":true,"href":"https:\/\/emr-sb.de\/fr\/wp-json\/wp\/v2\/users\/4"}],"replies":[{"embeddable":true,"href":"https:\/\/emr-sb.de\/fr\/wp-json\/wp\/v2\/comments?post=6804"}],"version-history":[{"count":4,"href":"https:\/\/emr-sb.de\/fr\/wp-json\/wp\/v2\/posts\/6804\/revisions"}],"predecessor-version":[{"id":6807,"href":"https:\/\/emr-sb.de\/fr\/wp-json\/wp\/v2\/posts\/6804\/revisions\/6807"}],"wp:featuredmedia":[{"embeddable":true,"href":"https:\/\/emr-sb.de\/fr\/wp-json\/wp\/v2\/media\/6805"}],"wp:attachment":[{"href":"https:\/\/emr-sb.de\/fr\/wp-json\/wp\/v2\/media?parent=6804"}],"wp:term":[{"taxonomy":"category","embeddable":true,"href":"https:\/\/emr-sb.de\/fr\/wp-json\/wp\/v2\/categories?post=6804"},{"taxonomy":"post_tag","embeddable":true,"href":"https:\/\/emr-sb.de\/fr\/wp-json\/wp\/v2\/tags?post=6804"}],"curies":[{"name":"wp","href":"https:\/\/api.w.org\/{rel}","templated":true}]}}