{"id":2177,"date":"2017-01-25T00:00:19","date_gmt":"2017-01-24T23:00:19","guid":{"rendered":"https:\/\/emr-sb.de\/?p=2177"},"modified":"2017-10-13T12:20:00","modified_gmt":"2017-10-13T10:20:00","slug":"erhebung-des-rundfunkbeitrages-auch-fuer-zweitwohnungen","status":"publish","type":"post","link":"https:\/\/emr-sb.de\/gb\/erhebung-des-rundfunkbeitrages-auch-fuer-zweitwohnungen\/","title":{"rendered":"Erhebung des Rundfunkbeitrages auch f\u00fcr Zweitwohnungen"},"content":{"rendered":"<p>Mit noch nicht im Volltext ver\u00f6ffentlichten Urteilen vom 25.01.2017 hat das Bundesverwaltungsgericht in acht Verfarhen entschieden, dass die Erhebung des Rundfunkbeitrags f\u00fcr Zweitwohnungen mit dem Gleichbehandlungsgebot vereinbar ist (Az.: 6 C 7.16, 6 C 11.16, 6 C 12.16, 6 C 14.16, 6 C 15.16, 6 C 18.16, 6 C 23.16, 6 C 31.16).<\/p>\n<p>Die Kl\u00e4ger wehrten sich gegen die Erhebung des Rundfunkbeitrags in voller H\u00f6he. Nach der alten Rechtslage, die an den Besitz eines Rundfunkger\u00e4ts ankn\u00fcpfte, hatte sie nur eine erm\u00e4\u00dfigte Rundfunkgeb\u00fchr zu zahlen, da sie geltend machten, lediglich ein Radioger\u00e4t, aber kein Fernsehger\u00e4t oder nur ein neuartiges Rundfunkempfangsger\u00e4t zu besitzen. Nach der neuen Rechtslage, die an den Besitz einer Wohnung ankn\u00fcpft, haben die Kl\u00e4ger den vollen Rundfunkbeitrag zu entrichten.<\/p>\n<p>Soweit die Kl\u00e4ger im Besitz einer Zweitwohnung sind, wehrten sie sich mit ihren Klagen auch gegen die Erhebung des Rundfunkbeitrags f\u00fcr die Zweitwohnung.<\/p>\n<p>Da das Bundesverwaltungsgericht bereits in mehreren Verfahren entschieden hatte, dass die Ankn\u00fcpfung an den Besitz einer Wohnung und somit die Pflicht zur Entrichtung der vollen Rundfunkgeb\u00fchr mit dem Grundgesetz vereinbar ist, war in den vorliegenden Verfahren lediglich zu kl\u00e4ren, ob die Erhebung der Rundfunkgeb\u00fchr auch f\u00fcr den Zweitwohnsitz mit dem Gleichbehandlungsgebot vereinbar ist.<\/p>\n<p>Das Bundesverwaltungsgericht hat nun entschieden, dass die Erhebung des Rundfunkbeitrags f\u00fcr Zweitwohnungen mit dem Grundgesetz vereinbar ist. Es handele sich bei der Ankn\u00fcpfung an den Besitz einer Wohnung um das praktikabelste Verfahren. Die Notwendigkeit aufwendiger Ermittlungen, die in die Privatssph\u00e4re eingriffen, entfielen bei der Ankn\u00fcpfung an den Besitz einer Wohnung und dies sei gerade der vom Gesetzgeber verfolgte Zweck bei Abl\u00f6sung der Rundfunkgeb\u00fchr gewesen. W\u00fcrden Ausnahmen f\u00fcr den Besitz von Zweitwohnungen eingef\u00fchrt, seien aber solche Ermittlungen wieder notwendig. Zudem seien nur wenige Personen von der Regelung betroffen, und zwar nur wer sowohl in einer Erst- als auch in einer Zweitwohnung alleine lebt. In allen anderen Konstellationen sei die gleichzeitige Nutzungsm\u00f6glichkeit gegeben.<\/p>\n","protected":false},"excerpt":{"rendered":"<p>Mit noch nicht im Volltext ver\u00f6ffentlichten Urteilen vom 25.01.2017 hat das Bundesverwaltungsgericht in acht Verfarhen entschieden, dass die Erhebung des Rundfunkbeitrags f\u00fcr Zweitwohnungen mit dem Gleichbehandlungsgebot vereinbar ist (Az.: 6 C 7.16, 6 C 11.16, 6 C 12.16, 6 C 14.16, 6 C 15.16, 6 C 18.16, 6 C 23.16, 6 C 31.16). Die Kl\u00e4ger [&hellip;]<\/p>\n","protected":false},"author":3,"featured_media":0,"comment_status":"closed","ping_status":"open","sticky":false,"template":"","format":"standard","meta":{"_et_pb_use_builder":"","_et_pb_old_content":"","_et_gb_content_width":"","footnotes":""},"categories":[224,3,220],"tags":[],"class_list":["post-2177","post","type-post","status-publish","format-standard","hentry","category-nachrichten","category-aktuelle-meldung","category-rundfunkrecht","et-doesnt-have-format-content","et_post_format-et-post-format-standard"],"translation":{"provider":"WPGlobus","version":"3.0.2","language":"gb","enabled_languages":["de","fr","gb"],"languages":{"de":{"title":true,"content":true,"excerpt":false},"fr":{"title":false,"content":false,"excerpt":false},"gb":{"title":false,"content":false,"excerpt":false}}},"_links":{"self":[{"href":"https:\/\/emr-sb.de\/gb\/wp-json\/wp\/v2\/posts\/2177","targetHints":{"allow":["GET"]}}],"collection":[{"href":"https:\/\/emr-sb.de\/gb\/wp-json\/wp\/v2\/posts"}],"about":[{"href":"https:\/\/emr-sb.de\/gb\/wp-json\/wp\/v2\/types\/post"}],"author":[{"embeddable":true,"href":"https:\/\/emr-sb.de\/gb\/wp-json\/wp\/v2\/users\/3"}],"replies":[{"embeddable":true,"href":"https:\/\/emr-sb.de\/gb\/wp-json\/wp\/v2\/comments?post=2177"}],"version-history":[{"count":2,"href":"https:\/\/emr-sb.de\/gb\/wp-json\/wp\/v2\/posts\/2177\/revisions"}],"predecessor-version":[{"id":2179,"href":"https:\/\/emr-sb.de\/gb\/wp-json\/wp\/v2\/posts\/2177\/revisions\/2179"}],"wp:attachment":[{"href":"https:\/\/emr-sb.de\/gb\/wp-json\/wp\/v2\/media?parent=2177"}],"wp:term":[{"taxonomy":"category","embeddable":true,"href":"https:\/\/emr-sb.de\/gb\/wp-json\/wp\/v2\/categories?post=2177"},{"taxonomy":"post_tag","embeddable":true,"href":"https:\/\/emr-sb.de\/gb\/wp-json\/wp\/v2\/tags?post=2177"}],"curies":[{"name":"wp","href":"https:\/\/api.w.org\/{rel}","templated":true}]}}