{"id":2458,"date":"2017-09-03T13:47:41","date_gmt":"2017-09-03T11:47:41","guid":{"rendered":"https:\/\/emr-sb.de\/?p=2458"},"modified":"2017-10-19T11:17:50","modified_gmt":"2017-10-19T09:17:50","slug":"emr-ifa-medienrechtliche-eindruecke","status":"publish","type":"post","link":"https:\/\/emr-sb.de\/gb\/emr-ifa-medienrechtliche-eindruecke\/","title":{"rendered":"EMR @ IFA &#8211; Medienrechtliche Eindr\u00fccke"},"content":{"rendered":"<p>Als weltgr\u00f6\u00dfte Messe f\u00fcr Consumer Electronics und Home Appliances bieten die Aussteller kaum Forschungsvorhaben in ihren Vorstellungen sondern vielmehr weitgehend seriennahe oder in Serie gefertigte Produkte. \u00dcberraschungen sind damit nicht mehr zu erwarten, gleichwohl l\u00e4sst sich aus der Vielzahl der vertretenden Produkte und Hersteller eine Tendenz und aktuelles Gesamtbild ableiten.<\/p>\n<p>Aus dem Blickwinkel des Medienrechts und der Medienpolitik bot die IFA dementsprechend auch kaum Neuerungen. Die begr\u00fcndet sich damit, dass der Schwerpunkt der vorstellten Innovation auf verbesserter Hardware lag.. Am deutlichsten zeigte sich dieses Bild an den Fernsehger\u00e4ten. W\u00e4hrend mit allgegenw\u00e4rtigen Ger\u00e4ten mit HDR und OLED Technologie die Bildqualit\u00e4t neue Dimensionen erreichen soll, scheint hinsichtlich der Contentverteilung kaum eine Neuerung erfolgt zu sein. In der Gesamtschau tritt gleichwohl eine \u00fcbergreifende Entwicklung zu Tage: Die bekannten Contentangebote wie Amazon, Netflix, Mediathek, Youtube und Co. werden von angepasster Ger\u00e4tesoftware immer mehr in die Umgebung des Ger\u00e4teherstelles integriert. Sollte diese Entwicklung fortschreiten, k\u00f6nnen die Ger\u00e4tehersteller einerseits die sich vergr\u00f6\u00dfernde Kluft ihrer eigenen Anwendungen zum Nutzer wieder verkleinern. Anderseits treten in den gezeigten Produkten die Contentangebote wieder mehr nebeneinander und der Wechsel von einem Angebot zum anderen f\u00e4llt einfacher. Es bleibt abzuwarten, ob damit beispielsweise das Amazon-Angebot \u2013 vergleichbar zur analogen Fernsehwelt \u2013 zu einem Kanal unter vielen wird, zwischen denen der Nutzer einfach wechselt und nicht mehr direkt und exklusiv ansteuert. \u00a0Das Radio war mit allen Verbreitungswegen UKW, DAB\/DAB+ und Streaming nebeneinander vertreten.<\/p>\n<p>Aus datenschutzrechtlicher Sicht zeigte sich ein leider bekanntes Bild: Zwar waren mit vielen Aussteller zum Thema smart home, Drohnen, Dashcams, smart TV eine Vielzahl der datenschutzrechtlich aktuellen Themen vertreten, doch konnte sich der Datenschutz in weiten Teilen nicht als Qualit\u00e4tsmerkmal und Auszeichnung gegen\u00fcber dem Verbraucher etablieren. Auch die nahende DSGVO scheint diesbez\u00fcglich (noch) keinen Ansto\u00df geliefert zu haben. Ging man tiefer ins Detail zeigte sich, dass die Hersteller vermehrt mit der Einwilligung der Nutzer als Erlaubnistatbestand arbeiten.<\/p>\n","protected":false},"excerpt":{"rendered":"<p>Als weltgr\u00f6\u00dfte Messe f\u00fcr Consumer Electronics und Home Appliances bieten die Aussteller kaum Forschungsvorhaben in ihren Vorstellungen sondern vielmehr weitgehend seriennahe oder in Serie gefertigte Produkte. \u00dcberraschungen sind damit nicht mehr zu erwarten, gleichwohl l\u00e4sst sich aus der Vielzahl der vertretenden Produkte und Hersteller eine Tendenz und aktuelles Gesamtbild ableiten. Aus dem Blickwinkel des Medienrechts [&hellip;]<\/p>\n","protected":false},"author":1,"featured_media":2459,"comment_status":"closed","ping_status":"open","sticky":false,"template":"","format":"standard","meta":{"_et_pb_use_builder":"","_et_pb_old_content":"","_et_gb_content_width":"","footnotes":""},"categories":[3,1,23,28,217,220],"tags":[],"class_list":["post-2458","post","type-post","status-publish","format-standard","has-post-thumbnail","hentry","category-aktuelle-meldung","category-aktuelles","category-datenschutz","category-e-commerce","category-netzneutralitaet","category-rundfunkrecht","et-has-post-format-content","et_post_format-et-post-format-standard"],"translation":{"provider":"WPGlobus","version":"3.0.2","language":"gb","enabled_languages":["de","fr","gb"],"languages":{"de":{"title":true,"content":true,"excerpt":false},"fr":{"title":false,"content":false,"excerpt":false},"gb":{"title":false,"content":false,"excerpt":false}}},"_links":{"self":[{"href":"https:\/\/emr-sb.de\/gb\/wp-json\/wp\/v2\/posts\/2458","targetHints":{"allow":["GET"]}}],"collection":[{"href":"https:\/\/emr-sb.de\/gb\/wp-json\/wp\/v2\/posts"}],"about":[{"href":"https:\/\/emr-sb.de\/gb\/wp-json\/wp\/v2\/types\/post"}],"author":[{"embeddable":true,"href":"https:\/\/emr-sb.de\/gb\/wp-json\/wp\/v2\/users\/1"}],"replies":[{"embeddable":true,"href":"https:\/\/emr-sb.de\/gb\/wp-json\/wp\/v2\/comments?post=2458"}],"version-history":[{"count":2,"href":"https:\/\/emr-sb.de\/gb\/wp-json\/wp\/v2\/posts\/2458\/revisions"}],"predecessor-version":[{"id":2462,"href":"https:\/\/emr-sb.de\/gb\/wp-json\/wp\/v2\/posts\/2458\/revisions\/2462"}],"wp:featuredmedia":[{"embeddable":true,"href":"https:\/\/emr-sb.de\/gb\/wp-json\/wp\/v2\/media\/2459"}],"wp:attachment":[{"href":"https:\/\/emr-sb.de\/gb\/wp-json\/wp\/v2\/media?parent=2458"}],"wp:term":[{"taxonomy":"category","embeddable":true,"href":"https:\/\/emr-sb.de\/gb\/wp-json\/wp\/v2\/categories?post=2458"},{"taxonomy":"post_tag","embeddable":true,"href":"https:\/\/emr-sb.de\/gb\/wp-json\/wp\/v2\/tags?post=2458"}],"curies":[{"name":"wp","href":"https:\/\/api.w.org\/{rel}","templated":true}]}}