{"id":2721,"date":"2017-11-06T19:34:57","date_gmt":"2017-11-06T18:34:57","guid":{"rendered":"https:\/\/emr-sb.de\/?p=2721"},"modified":"2017-11-06T19:35:49","modified_gmt":"2017-11-06T18:35:49","slug":"bgh-weist-nichtzulassungsbeschwerde-der-gema-zurueck","status":"publish","type":"post","link":"https:\/\/emr-sb.de\/gb\/bgh-weist-nichtzulassungsbeschwerde-der-gema-zurueck\/","title":{"rendered":"BGH weist Nichtzulassungsbeschwerde der GEMA zur\u00fcck"},"content":{"rendered":"<p>Der Bundesgerichtshof hat mit Beschluss vom 18.10.2017 die Nichtzulassungsbeschwerde der GEMA gegen ein Urteil des Berliner Kammergerichts zur Verlegerbeteiligung zur\u00fcckgewiesen. Im Ergebnis d\u00fcrfen sich daher die Kreativen in Zukunft eventuell \u00fcber h\u00f6here Verg\u00fctungsanteile freuen, w\u00e4hrend auf die GEMA unter anderem ein erheblicher Verwaltungsaufwand zukommt.<\/p>\n<p>Der Entscheidung des BGH ist ein <a title=\"KG Berlin GEMA\" href=\"http:\/\/www.gerichtsentscheidungen.berlin-brandenburg.de\/jportal\/portal\/t\/279b\/bs\/10\/page\/sammlung.psml?pid=Dokumentanzeige&amp;showdoccase=1&amp;js_peid=Trefferliste&amp;documentnumber=1&amp;numberofresults=1&amp;fromdoctodoc=yes&amp;doc.id=KORE229352016&amp;doc.part=L&amp;doc.price=0.0#focuspoint\" target=\"_blank\" rel=\"noopener\">Urteil des Kammergerichts (KG) Berlin<\/a>\u00a0vorangegangen. In diesem Rechtsstreit hatten der Musiker Bruno Kramm und sein Bandkollege Stefan Ackermann gegen die Vorgehensweise der GEMA geklagt, pauschal Verlagsanteile von den Verg\u00fctungen der Urheber abzuziehen. Das KG hatte der Klage stattgegeben und entschieden, dass die GEMA die aus deren Urheberrecht resultierenden Verg\u00fctungsanteile von K\u00fcnstlern ab dem Jahr 2010 nicht ohne Weiteres um sogenannte Verlegeranteile k\u00fcrzen d\u00fcrfe. Das KG hat zur Begr\u00fcndung das <a title=\"BGH VG Wort 2016\" href=\"http:\/\/juris.bundesgerichtshof.de\/cgi-bin\/rechtsprechung\/document.py?Gericht=bgh&amp;Art=en&amp;nr=74554&amp;pos=0&amp;anz=1\" target=\"_blank\" rel=\"noopener\">BGH-Urteil zur VG Wort<\/a> und die sich daraus ergebenden Kriterien auch auf die GEMA \u00fcbertragen. Insbesondere m\u00fcsse im konkreten Einzelfall gepr\u00fcft werden, ob eine entsprechende Vereinbarung zwischen Urhebern und den Verlagen geschlossen wurde.<\/p>\n<p>Mit der Nichtzulassungsbeschwerde vor dem BGH hatte die GEMA jedoch das Urteil des VG lediglich in prozessualer und nicht in materiellrechtlicher Hinsicht angegriffen. Ger\u00fcgt wurde, dass der vom KG festgesetzte Streitwert von 20.000 Euro nicht den Konsequenzen der Entscheidung des Urteils entspreche. Der BGH wies die Beschwerde zur\u00fcck, weil die GEMA dies bereits in der Vorinstanz durch eine entsprechend h\u00f6here Bezifferung h\u00e4tte r\u00fcgen k\u00f6nnen. Somit hat der Oberste Gerichtshof sich also nicht mit den inhaltlichen Feststellungen des KG auseinandergesetzt.<\/p>\n<p>Dennoch ist das Urteil des KG durch die Zur\u00fcckweisung der Nichtzulassungsbeschwerde rechtskr\u00e4ftig und entfaltet entsprechende Konsequenzen f\u00fcr die Beteiligten.<\/p>\n<p><a title=\"GEMA PM BGH\" href=\"https:\/\/www.gema.de\/aktuelles\/verlegerbeteiligung_bgh_weist_nichtzulassungsklage_der_gema_zurueck\/\" target=\"_blank\" rel=\"noopener\">Wie die GEMA meldet<\/a>, hat sie allerdings mit der Zur\u00fcckweisung der Beschwerde gerechnet und daher begonnen, die Rechtsbeziehungen zwischen ihren Mitgliedern individuell abzufragen. Da dieser Prozess angesichts von 70.000 Mitgliedern mit einem immensen Verwaltungsaufwand verbunden sei, laufe die Befragung allerdings noch bis zum 13. Januar 2018. Schon jetzt stehe aber fest, dass der Gro\u00dfteil der Autoren die Zahlungen an die Verlage best\u00e4tigt habe und nur ein Bruchteil der ausgesch\u00fctteten Gelder daher r\u00fcckabzuwickeln sei.<\/p>\n","protected":false},"excerpt":{"rendered":"<p>Der Bundesgerichtshof hat mit Beschluss vom 18.10.2017 die Nichtzulassungsbeschwerde der GEMA gegen ein Urteil des Berliner Kammergerichts zur Verlegerbeteiligung zur\u00fcckgewiesen. Im Ergebnis d\u00fcrfen sich daher die Kreativen in Zukunft eventuell \u00fcber h\u00f6here Verg\u00fctungsanteile freuen, w\u00e4hrend auf die GEMA unter anderem ein erheblicher Verwaltungsaufwand zukommt. Der Entscheidung des BGH ist ein Urteil des Kammergerichts (KG) Berlin\u00a0vorangegangen. [&hellip;]<\/p>\n","protected":false},"author":4,"featured_media":2722,"comment_status":"closed","ping_status":"open","sticky":false,"template":"","format":"standard","meta":{"_et_pb_use_builder":"","_et_pb_old_content":"","_et_gb_content_width":"","footnotes":""},"categories":[224,1,25],"tags":[],"class_list":["post-2721","post","type-post","status-publish","format-standard","has-post-thumbnail","hentry","category-nachrichten","category-aktuelles","category-urheberrecht","et-has-post-format-content","et_post_format-et-post-format-standard"],"translation":{"provider":"WPGlobus","version":"3.0.2","language":"gb","enabled_languages":["de","fr","gb"],"languages":{"de":{"title":true,"content":true,"excerpt":false},"fr":{"title":false,"content":false,"excerpt":false},"gb":{"title":false,"content":false,"excerpt":false}}},"_links":{"self":[{"href":"https:\/\/emr-sb.de\/gb\/wp-json\/wp\/v2\/posts\/2721","targetHints":{"allow":["GET"]}}],"collection":[{"href":"https:\/\/emr-sb.de\/gb\/wp-json\/wp\/v2\/posts"}],"about":[{"href":"https:\/\/emr-sb.de\/gb\/wp-json\/wp\/v2\/types\/post"}],"author":[{"embeddable":true,"href":"https:\/\/emr-sb.de\/gb\/wp-json\/wp\/v2\/users\/4"}],"replies":[{"embeddable":true,"href":"https:\/\/emr-sb.de\/gb\/wp-json\/wp\/v2\/comments?post=2721"}],"version-history":[{"count":3,"href":"https:\/\/emr-sb.de\/gb\/wp-json\/wp\/v2\/posts\/2721\/revisions"}],"predecessor-version":[{"id":2724,"href":"https:\/\/emr-sb.de\/gb\/wp-json\/wp\/v2\/posts\/2721\/revisions\/2724"}],"wp:featuredmedia":[{"embeddable":true,"href":"https:\/\/emr-sb.de\/gb\/wp-json\/wp\/v2\/media\/2722"}],"wp:attachment":[{"href":"https:\/\/emr-sb.de\/gb\/wp-json\/wp\/v2\/media?parent=2721"}],"wp:term":[{"taxonomy":"category","embeddable":true,"href":"https:\/\/emr-sb.de\/gb\/wp-json\/wp\/v2\/categories?post=2721"},{"taxonomy":"post_tag","embeddable":true,"href":"https:\/\/emr-sb.de\/gb\/wp-json\/wp\/v2\/tags?post=2721"}],"curies":[{"name":"wp","href":"https:\/\/api.w.org\/{rel}","templated":true}]}}