{"id":3392,"date":"2018-02-22T15:22:07","date_gmt":"2018-02-22T14:22:07","guid":{"rendered":"https:\/\/emr-sb.de\/?p=3392"},"modified":"2018-02-22T15:28:22","modified_gmt":"2018-02-22T14:28:22","slug":"kommission-veroeffentlicht-ueberblick-zu-aenderungen-der-nutzungsbedingungen-von-facebook-twitter-google","status":"publish","type":"post","link":"https:\/\/emr-sb.de\/gb\/kommission-veroeffentlicht-ueberblick-zu-aenderungen-der-nutzungsbedingungen-von-facebook-twitter-google\/","title":{"rendered":"Kommission ver\u00f6ffentlicht \u00dcberblick zu \u00c4nderungen der Nutzungsbedingungen von Facebook, Twitter &#038; Google +"},"content":{"rendered":"<p>Am 15. Februar 2018 hat die Europ\u00e4ische Kommission eine <a href=\"http:\/\/ec.europa.eu\/newsroom\/just\/item-detail.cfm?item_id=614254\" target=\"_blank\" rel=\"noopener\"><strong>tabellarische \u00dcbersicht zu den \u00c4nderungen der Nutzungsbedingungen von sozialen Plattformen<\/strong><\/a> ver\u00f6ffentlicht, die Verbraucherrechte gew\u00e4hrleisten und diese vor allem transparenter machen sollen.\u00a0<\/p>\n<p>Bereits im November 2016 hatten die im Verbraucherschutz zusammenarbeitenden Beh\u00f6rden unter Federf\u00fchrung der franz\u00f6sischen Generaldirektion f\u00fcr Wettbewerb, Verbraucherfragen und Betrugsbek\u00e4mpfung (DGCCRF) einen\u00a0<strong><a href=\"http:\/\/ec.europa.eu\/newsroom\/document.cfm?doc_id=43713\">gemeinsamen Standpunkt<\/a><\/strong>\u00a0an Facebook, Twitter und Google+ \u00fcbermittelt, in dem um \u00c4nderungen einiger Vertragsbedingungen und andere Verbesserungen im Verbraucherschutz gebeten wurde. Im M\u00e4rz\u00a02017 erkl\u00e4rten sich die sozialen Plattformen schlie\u00dflich vor EU-Verbraucherbeh\u00f6rden und der Europ\u00e4ischen Kommission zu einigen \u00c4nderungen bereits. Dies betraf insbesondere Bedingungen, die Haftung von Social-Media-Netzwerken in Bezug auf die Dienstleistung begrenzen oder vollst\u00e4ndig ausschlie\u00dfen, Nutzungsbedingungen, die von den Verbrauchern verlangen, auf verbindliche EU-Verbraucherrechte (insb. das R\u00fccktrittsrecht) zu verzichten, Bedingungen, die Verbrauchern das Recht entziehen, ein Gericht des Mitgliedstaates, in dem sie wohnen, anzurufen, und die Anwendung kalifornischen Rechts vorschreiben, sowie die Klausel, mit der die Plattform von der Pflicht zur Kenntlichmachung von kommerzieller Kommunikation und gesponsorten Inhalten entbunden wird.<\/p>\n<p>Wie sich nun aus der ver\u00f6ffentlichten tabellarischen <a href=\"http:\/\/ec.europa.eu\/newsroom\/just\/item-detail.cfm?item_id=614254\" target=\"_blank\" rel=\"noopener\">\u00dcbersicht <\/a>sowie aus der begleitenden\u00a0<a href=\"http:\/\/europa.eu\/rapid\/press-release_IP-17-631_de.htm\"><strong>Pressemitteilung\u00a0<\/strong><\/a>der Kommission ergibt, wurden bereits einige Umstrukturierungen von den sozialen Plattformen eingeleitet, viele Punkte bleiben jedoch noch offen. So ist auch die Kommission der Ansicht, dass hier dringender Handlungs- und Verbesserungsbedarf besteht, um den EU-Verbraucherschutzvorschriften gerecht zu werden.\u00a0Vera Jourov\u00e1, EU-Kommissarin f\u00fcr Justiz, Verbraucher und Gleichstellung, fasst &#8211; wie sie in der Pressemitteilung zitiert wird &#8211; bei Nichteinhaltung sogar Sanktionen ins Auge.\u00a0<\/p>\n<p>In der Mitteilung wurde ebenfalls angek\u00fcndigt, dass die Kommission im April neu gestaltete Rahmenbedingungen f\u00fcr Verbraucher vorstellen wird. Mit dieser Reform sollen die bestehenden Rechtsvorschriften zum Verbraucherschutz modernisiert und ihre ordnungsgem\u00e4\u00dfe Durchsetzung sichergestellt werden.<\/p>\n<p>Die Pressemitteilung der Kommission ist abrufbar unter <a href=\"https:\/\/ec.europa.eu\/germany\/news\/20180215-kommission-fordert-social-media-unternehmen-einhaltung-der-eu-verbraucherschutzregeln_de\" target=\"_blank\" rel=\"noopener\">https:\/\/ec.europa.eu\/germany\/news\/20180215-kommission-fordert-social-media-unternehmen-einhaltung-der-eu-verbraucherschutzregeln_de<\/a><\/p>\n<p>Die \u00dcbersicht zu den \u00c4nderungen in den Nutzungsbedingungen der sozialen Netzwerke ist abrufbar unter <a href=\"http:\/\/ec.europa.eu\/newsroom\/just\/item-detail.cfm?item_id=614254\" target=\"_blank\" rel=\"noopener\">http:\/\/ec.europa.eu\/newsroom\/just\/item-detail.cfm?item_id=614254<\/a>\u00a0<\/p>\n","protected":false},"excerpt":{"rendered":"<p>Am 15. Februar 2018 hat die Europ\u00e4ische Kommission eine tabellarische \u00dcbersicht zu den \u00c4nderungen der Nutzungsbedingungen von sozialen Plattformen ver\u00f6ffentlicht, die Verbraucherrechte gew\u00e4hrleisten und diese vor allem transparenter machen sollen.\u00a0 Bereits im November 2016 hatten die im Verbraucherschutz zusammenarbeitenden Beh\u00f6rden unter Federf\u00fchrung der franz\u00f6sischen Generaldirektion f\u00fcr Wettbewerb, Verbraucherfragen und Betrugsbek\u00e4mpfung (DGCCRF) einen\u00a0gemeinsamen Standpunkt\u00a0an Facebook, Twitter [&hellip;]<\/p>\n","protected":false},"author":4,"featured_media":3393,"comment_status":"closed","ping_status":"open","sticky":false,"template":"","format":"standard","meta":{"_et_pb_use_builder":"","_et_pb_old_content":"","_et_gb_content_width":"","footnotes":""},"categories":[224,1,23,222],"tags":[316,313,314,315,317],"class_list":["post-3392","post","type-post","status-publish","format-standard","has-post-thumbnail","hentry","category-nachrichten","category-aktuelles","category-datenschutz","category-verbraucherschutzrecht","tag-plattformregulierung","tag-social-networks","tag-soziale-medien","tag-soziale-plattformen","tag-verbraucherschutz","et-has-post-format-content","et_post_format-et-post-format-standard"],"translation":{"provider":"WPGlobus","version":"3.0.2","language":"gb","enabled_languages":["de","fr","gb"],"languages":{"de":{"title":true,"content":true,"excerpt":false},"fr":{"title":false,"content":false,"excerpt":false},"gb":{"title":false,"content":false,"excerpt":false}}},"_links":{"self":[{"href":"https:\/\/emr-sb.de\/gb\/wp-json\/wp\/v2\/posts\/3392","targetHints":{"allow":["GET"]}}],"collection":[{"href":"https:\/\/emr-sb.de\/gb\/wp-json\/wp\/v2\/posts"}],"about":[{"href":"https:\/\/emr-sb.de\/gb\/wp-json\/wp\/v2\/types\/post"}],"author":[{"embeddable":true,"href":"https:\/\/emr-sb.de\/gb\/wp-json\/wp\/v2\/users\/4"}],"replies":[{"embeddable":true,"href":"https:\/\/emr-sb.de\/gb\/wp-json\/wp\/v2\/comments?post=3392"}],"version-history":[{"count":2,"href":"https:\/\/emr-sb.de\/gb\/wp-json\/wp\/v2\/posts\/3392\/revisions"}],"predecessor-version":[{"id":3395,"href":"https:\/\/emr-sb.de\/gb\/wp-json\/wp\/v2\/posts\/3392\/revisions\/3395"}],"wp:featuredmedia":[{"embeddable":true,"href":"https:\/\/emr-sb.de\/gb\/wp-json\/wp\/v2\/media\/3393"}],"wp:attachment":[{"href":"https:\/\/emr-sb.de\/gb\/wp-json\/wp\/v2\/media?parent=3392"}],"wp:term":[{"taxonomy":"category","embeddable":true,"href":"https:\/\/emr-sb.de\/gb\/wp-json\/wp\/v2\/categories?post=3392"},{"taxonomy":"post_tag","embeddable":true,"href":"https:\/\/emr-sb.de\/gb\/wp-json\/wp\/v2\/tags?post=3392"}],"curies":[{"name":"wp","href":"https:\/\/api.w.org\/{rel}","templated":true}]}}