{"id":3880,"date":"2018-06-06T09:46:01","date_gmt":"2018-06-06T07:46:01","guid":{"rendered":"https:\/\/emr-sb.de\/?p=3880"},"modified":"2018-06-06T09:46:01","modified_gmt":"2018-06-06T07:46:01","slug":"bverfg-weist-verfassungsbeschwerde-gegen-die-ausschuettungspraxis-von-verwertungsgesellschaften-als-unzulaessig-ab","status":"publish","type":"post","link":"https:\/\/emr-sb.de\/gb\/bverfg-weist-verfassungsbeschwerde-gegen-die-ausschuettungspraxis-von-verwertungsgesellschaften-als-unzulaessig-ab\/","title":{"rendered":"BVerfG weist Verfassungsbeschwerde gegen die Aussch\u00fcttungspraxis von Verwertungsgesellschaften als unzul\u00e4ssig ab"},"content":{"rendered":"<p><span style=\"font-family: 'Verdana',sans-serif; font-size: 9pt;\"><span style=\"color: #000000;\">Die 3. Kammer des Ersten Senats des Bundesverfassungsgerichts hat mit am 5. Juni 2018 ver\u00f6ffentlichtem Beschluss eine Verfassungsbeschwerde eines Verlags gegen ein Urteil des BGH vom 21. April 2016 zur Aussch\u00fcttungspraxis von Verwertungsgesellschaften nicht zur Entscheidung angenommen. Nach diesem Urteil des BGH sind Verwertungsgesellschaften nicht berechtigt, Einnahmen aus der Wahrnehmung von urheberrechtlichen Rechten und Anspr\u00fcchen auch an Verlage auszusch\u00fctten, da diese nur den Urhebern zust\u00fcnden. Die Verfassungsbeschwerde war aus Sicht des BVerfG bereits unzul\u00e4ssig, da sie nicht den Anforderungen an eine hinreichende Darlegung der behaupteten Grundrechtsverletzung erf\u00fcllte. Die Beschwerdef\u00fchrerin habe nicht substantiiert vorgetragen, durch das Urteil unter anderem in ihren Grundrechten aus der Eigentumsgarantie des Art. 14 Abs. 1 Satz 1 GG, dem Gleichheitssatz des Art. 3 Abs. 1 GG sowie dem Recht auf den gesetzlichen Richter nach Art. 101 Abs. 1 Satz 2 GG verletzt zu sein.<\/span><\/span><\/p>\n<p><a href=\"http:\/\/www.bundesverfassungsgericht.de\/SharedDocs\/Entscheidungen\/DE\/2018\/04\/rk20180418_1bvr121316.html;jsessionid=94BF5481A16226C2F798E0E8FF7F24DC.1_cid394\" target=\"_blank\" rel=\"noopener\">http:\/\/www.bundesverfassungsgericht.de\/SharedDocs\/Entscheidungen\/DE\/2018\/04\/rk20180418_1bvr121316.html;jsessionid=94BF5481A16226C2F798E0E8FF7F24DC.1_cid394<\/a><\/p>\n<p>&nbsp;<\/p>\n","protected":false},"excerpt":{"rendered":"<p>Die 3. Kammer des Ersten Senats des Bundesverfassungsgerichts hat mit am 5. Juni 2018 ver\u00f6ffentlichtem Beschluss eine Verfassungsbeschwerde eines Verlags gegen ein Urteil des BGH vom 21. April 2016 zur Aussch\u00fcttungspraxis von Verwertungsgesellschaften nicht zur Entscheidung angenommen. Nach diesem Urteil des BGH sind Verwertungsgesellschaften nicht berechtigt, Einnahmen aus der Wahrnehmung von urheberrechtlichen Rechten und Anspr\u00fcchen [&hellip;]<\/p>\n","protected":false},"author":1,"featured_media":3881,"comment_status":"closed","ping_status":"open","sticky":false,"template":"","format":"standard","meta":{"_et_pb_use_builder":"","_et_pb_old_content":"","_et_gb_content_width":"","footnotes":""},"categories":[224,1,25],"tags":[],"class_list":["post-3880","post","type-post","status-publish","format-standard","has-post-thumbnail","hentry","category-nachrichten","category-aktuelles","category-urheberrecht","et-has-post-format-content","et_post_format-et-post-format-standard"],"translation":{"provider":"WPGlobus","version":"3.0.2","language":"gb","enabled_languages":["de","fr","gb"],"languages":{"de":{"title":true,"content":true,"excerpt":false},"fr":{"title":false,"content":false,"excerpt":false},"gb":{"title":false,"content":false,"excerpt":false}}},"_links":{"self":[{"href":"https:\/\/emr-sb.de\/gb\/wp-json\/wp\/v2\/posts\/3880","targetHints":{"allow":["GET"]}}],"collection":[{"href":"https:\/\/emr-sb.de\/gb\/wp-json\/wp\/v2\/posts"}],"about":[{"href":"https:\/\/emr-sb.de\/gb\/wp-json\/wp\/v2\/types\/post"}],"author":[{"embeddable":true,"href":"https:\/\/emr-sb.de\/gb\/wp-json\/wp\/v2\/users\/1"}],"replies":[{"embeddable":true,"href":"https:\/\/emr-sb.de\/gb\/wp-json\/wp\/v2\/comments?post=3880"}],"version-history":[{"count":2,"href":"https:\/\/emr-sb.de\/gb\/wp-json\/wp\/v2\/posts\/3880\/revisions"}],"predecessor-version":[{"id":3883,"href":"https:\/\/emr-sb.de\/gb\/wp-json\/wp\/v2\/posts\/3880\/revisions\/3883"}],"wp:featuredmedia":[{"embeddable":true,"href":"https:\/\/emr-sb.de\/gb\/wp-json\/wp\/v2\/media\/3881"}],"wp:attachment":[{"href":"https:\/\/emr-sb.de\/gb\/wp-json\/wp\/v2\/media?parent=3880"}],"wp:term":[{"taxonomy":"category","embeddable":true,"href":"https:\/\/emr-sb.de\/gb\/wp-json\/wp\/v2\/categories?post=3880"},{"taxonomy":"post_tag","embeddable":true,"href":"https:\/\/emr-sb.de\/gb\/wp-json\/wp\/v2\/tags?post=3880"}],"curies":[{"name":"wp","href":"https:\/\/api.w.org\/{rel}","templated":true}]}}