{"id":3905,"date":"2018-06-24T11:36:43","date_gmt":"2018-06-24T09:36:43","guid":{"rendered":"https:\/\/emr-sb.de\/?p=3905"},"modified":"2018-06-24T11:36:43","modified_gmt":"2018-06-24T09:36:43","slug":"anhoerung-zu-entwurf-eines-neuen-bundesgesetzes-ueber-elektronische-medien-in-der-schweiz","status":"publish","type":"post","link":"https:\/\/emr-sb.de\/gb\/anhoerung-zu-entwurf-eines-neuen-bundesgesetzes-ueber-elektronische-medien-in-der-schweiz\/","title":{"rendered":"Anh\u00f6rung zu Entwurf eines neuen Bundesgesetzes \u00fcber elektronische Medien in der Schweiz"},"content":{"rendered":"<p class=\"lead\">Das Eidgen\u00f6ssische Departement f\u00fcr Umwelt, Verkehr, Energie und Kommunikation (UVEK) f\u00fchrt vom\u00a021. Juni\u00a0bis 15. Oktober 2018\u00a0bei den Kantonen, den politischen Parteien, den gesamtschweizerischen Dachverb\u00e4nden der Gemeinden, St\u00e4dte und Berggebiete, den gesamtschweizerischen Dachverb\u00e4nden der Wirtschaft und den interessierten Kreisen eine Anh\u00f6rung zum Entwurf eines neuen Bundesgesetzes \u00fcber elektronische Medien (BGeM) durch.\u00a0<\/p>\n<p>Mit dem neuen Gesetz soll das bestehende Bundesgesetz \u00fcber Radio und Fernsehen (RTVG) abgel\u00f6st werden. Das BGeM soll (a) weiterhin einen umfassenden, qualitativ hochstehenden medialen Service public gew\u00e4hrleisten, die digitale orts- und zeitunabh\u00e4ngige Mediennutzung ber\u00fccksichtigt;\u2028(b) neben der F\u00f6rderung der Service-public-Leistungen von Radio und Fernsehen auch die F\u00f6rderung von Online-Medien erm\u00f6glichen; (c) \u00a0die Staatsferne der elektronischen Medien durch die Schaffung einer unabh\u00e4ngigen Regulierungs- und Aufsichtsbeh\u00f6rde f\u00fcr die elektronischen Medien (Kommission f\u00fcr elektronische Medien &#8211; KOMEM) st\u00e4rken, die u.a. die SRG-Konzession erteilt Leistungsvereinbarungen mit anderen \u2028Medien abschlie\u00dft; (d) Regulierungenf\u00fcr Medien ohne Service-public-Auftrag abbauen;\u2028(e) innovative digitale Infrastrukturen unterst\u00fctzen, um die Sichtbarkeit und Auffindbarkeit von schweizerischen Qualit\u00e4tsmedien zu f\u00f6rdern und (f) durch die indirekte Medienf\u00f6rderung und die verst\u00e4rkte Kooperation der SRG mit den andern Medien den gesamten Medienplatz Schweiz st\u00e4rken.<\/p>\n<p>Der schweizerische Bundesrat beabsichtigt, dem Parlament im 2019 in Auswertung der Anh\u00f6rungsergebnisse den Regierungsentwurf zu \u00fcberweisen. Anschlie\u00dfend folgt die parlamentarische Beratung des Gesetzes. \u2028Der konkrete Zeitpunkt des Inkrafttretens des neuen Gesetzes h\u00e4ngt u.a. von der Dauer der parlamentarischen Beratung sowie von einer m\u00f6glichen Referendumsabstimmung ab.<\/p>\n<p><a href=\"https:\/\/www.bakom.admin.ch\/bakom\/de\/home\/das-bakom\/organisation\/rechtliche-grundlagen\/vernehmlassungen\/vernehmlassung-zum-neuen-bundesgesetz-ueber-elektronische-medien.html\">https:\/\/www.bakom.admin.ch\/bakom\/de\/home\/das-bakom\/organisation\/rechtliche-grundlagen\/vernehmlassungen\/vernehmlassung-zum-neuen-bundesgesetz-ueber-elektronische-medien.html<\/a><\/p>\n","protected":false},"excerpt":{"rendered":"<p>Das Eidgen\u00f6ssische Departement f\u00fcr Umwelt, Verkehr, Energie und Kommunikation (UVEK) f\u00fchrt vom\u00a021. Juni\u00a0bis 15. Oktober 2018\u00a0bei den Kantonen, den politischen Parteien, den gesamtschweizerischen Dachverb\u00e4nden der Gemeinden, St\u00e4dte und Berggebiete, den gesamtschweizerischen Dachverb\u00e4nden der Wirtschaft und den interessierten Kreisen eine Anh\u00f6rung zum Entwurf eines neuen Bundesgesetzes \u00fcber elektronische Medien (BGeM) durch.\u00a0 Mit dem neuen Gesetz soll [&hellip;]<\/p>\n","protected":false},"author":1,"featured_media":3906,"comment_status":"closed","ping_status":"open","sticky":false,"template":"","format":"standard","meta":{"_et_pb_use_builder":"","_et_pb_old_content":"","_et_gb_content_width":"","footnotes":""},"categories":[224,1,216,220,221],"tags":[],"class_list":["post-3905","post","type-post","status-publish","format-standard","has-post-thumbnail","hentry","category-nachrichten","category-aktuelles","category-kultur-und-filmfoerderung","category-rundfunkrecht","category-telemedienrecht","et-has-post-format-content","et_post_format-et-post-format-standard"],"translation":{"provider":"WPGlobus","version":"3.0.2","language":"gb","enabled_languages":["de","fr","gb"],"languages":{"de":{"title":true,"content":true,"excerpt":false},"fr":{"title":false,"content":false,"excerpt":false},"gb":{"title":false,"content":false,"excerpt":false}}},"_links":{"self":[{"href":"https:\/\/emr-sb.de\/gb\/wp-json\/wp\/v2\/posts\/3905","targetHints":{"allow":["GET"]}}],"collection":[{"href":"https:\/\/emr-sb.de\/gb\/wp-json\/wp\/v2\/posts"}],"about":[{"href":"https:\/\/emr-sb.de\/gb\/wp-json\/wp\/v2\/types\/post"}],"author":[{"embeddable":true,"href":"https:\/\/emr-sb.de\/gb\/wp-json\/wp\/v2\/users\/1"}],"replies":[{"embeddable":true,"href":"https:\/\/emr-sb.de\/gb\/wp-json\/wp\/v2\/comments?post=3905"}],"version-history":[{"count":2,"href":"https:\/\/emr-sb.de\/gb\/wp-json\/wp\/v2\/posts\/3905\/revisions"}],"predecessor-version":[{"id":3908,"href":"https:\/\/emr-sb.de\/gb\/wp-json\/wp\/v2\/posts\/3905\/revisions\/3908"}],"wp:featuredmedia":[{"embeddable":true,"href":"https:\/\/emr-sb.de\/gb\/wp-json\/wp\/v2\/media\/3906"}],"wp:attachment":[{"href":"https:\/\/emr-sb.de\/gb\/wp-json\/wp\/v2\/media?parent=3905"}],"wp:term":[{"taxonomy":"category","embeddable":true,"href":"https:\/\/emr-sb.de\/gb\/wp-json\/wp\/v2\/categories?post=3905"},{"taxonomy":"post_tag","embeddable":true,"href":"https:\/\/emr-sb.de\/gb\/wp-json\/wp\/v2\/tags?post=3905"}],"curies":[{"name":"wp","href":"https:\/\/api.w.org\/{rel}","templated":true}]}}