{"id":3924,"date":"2018-06-27T15:48:26","date_gmt":"2018-06-27T13:48:26","guid":{"rendered":"https:\/\/emr-sb.de\/?p=3924"},"modified":"2018-06-27T15:48:26","modified_gmt":"2018-06-27T13:48:26","slug":"olg-koeln-erste-art-85-ds-gvo-entscheidung-zum-fotojournalismus","status":"publish","type":"post","link":"https:\/\/emr-sb.de\/gb\/olg-koeln-erste-art-85-ds-gvo-entscheidung-zum-fotojournalismus\/","title":{"rendered":"OLG K\u00f6ln: Erste Art. 85 DS-GVO Entscheidung zum Fotojournalismus"},"content":{"rendered":"<p>Das Oberlandesgericht K\u00f6ln hat in seiner Entscheidung vom 18. Juni 2018 (15 W 27\/18)\u00a0 festgestellt, dass das Kunsturhebergesetz (KUG) auch unter Geltung der DS-GVO weiterhin Anwendung findet und damit die journalistische Bildberichterstattung an den dortigen Kriterien und nicht an den strengen Rechtm\u00e4\u00dfigkeitsvoraussetzungen der DS-GVO zu messen ist.\u00a0<\/p>\n<p>Das Urteil behandelt einen Rechtsstreit \u00fcber einen Fernsehbeitrag des WDR \u00fcber die Vorg\u00e4nge rund um die R\u00e4umung und Sperrung eines Geb\u00e4udes, dessen Bebilderung im Eilverfahren zun\u00e4chst vor dem Landgericht und nunmehr im Wege der Beschwerde vor dem OLG K\u00f6ln angegriffen wurde.\u00a0<\/p>\n<p>Das OLG statuierte, dass Art. 85 Abs. 2 DS-GVO im Kern keine materiell-rechtlichen Vorgaben mache, sondern lediglich auf die Erforderlichkeit zur Herbeif\u00fchrung der praktischen Konkordanz zwischen Datenschutz einerseits und \u00c4u\u00dferungs- und Kommunikationsfreiheit andererseits abstelle. Soweit das \u00c4u\u00dferungsrecht insoweit die Abw\u00e4gungs- und Ausgleichsfunktion zur Herbeif\u00fchrung praktischer Konkordanz der widerstreitenden Grundrechtspositionen \u00fcbernehmen k\u00f6nne, k\u00f6nne f\u00fcr das KUG im Bereich der Bildberichterstattung nichts anderes gelten. Die umfangreichen Abw\u00e4gungsm\u00f6glichkeiten im Rahmen des KUG erlauben dann, so das OLG weiter, auch eine &#8211; k\u00fcnftig gebotene \u2013 Ber\u00fccksichtigung auch der unionsrechtlichen Grundrechtspositionen. Erw\u00e4gungsgrund 153 der DS-GVO bedinge eine &#8211; national im Zuge des \u00a7823 Abs. 1 BGB als Rahmenrecht bzw. bei \u00a7\u00a7 22, 23 KUG ohnehin erfolgende &#8211; umfassende Abw\u00e4gung der widerstreitenden Grundrechtspositionen. Entsprechend Erw\u00e4gungsgrund 4 Satz 3 habe Art. 85 DS-GVO gerade den Normzweck, einen Versto\u00df gegen die Meinung- und Medienfreiheit zu vermeiden und entsprechende Komplikationen auszuschlie\u00dfen.<\/p>\n<p>Die Entscheidung ist im Volltext abrufbar unter\u00a0<\/p>\n<p><a href=\"https:\/\/www.justiz.nrw.de\/nrwe\/olgs\/koeln\/j2018\/15_W_27_18_Beschluss_20180618.html\">https:\/\/www.justiz.nrw.de\/nrwe\/olgs\/koeln\/j2018\/15_W_27_18_Beschluss_20180618.html<\/a><\/p>\n","protected":false},"excerpt":{"rendered":"<p>Das Oberlandesgericht K\u00f6ln hat in seiner Entscheidung vom 18. Juni 2018 (15 W 27\/18)\u00a0 festgestellt, dass das Kunsturhebergesetz (KUG) auch unter Geltung der DS-GVO weiterhin Anwendung findet und damit die journalistische Bildberichterstattung an den dortigen Kriterien und nicht an den strengen Rechtm\u00e4\u00dfigkeitsvoraussetzungen der DS-GVO zu messen ist.\u00a0 Das Urteil behandelt einen Rechtsstreit \u00fcber einen Fernsehbeitrag [&hellip;]<\/p>\n","protected":false},"author":4,"featured_media":3925,"comment_status":"closed","ping_status":"open","sticky":false,"template":"","format":"standard","meta":{"_et_pb_use_builder":"","_et_pb_old_content":"","_et_gb_content_width":"","footnotes":""},"categories":[224,1,24,23,218],"tags":[],"class_list":["post-3924","post","type-post","status-publish","format-standard","has-post-thumbnail","hentry","category-nachrichten","category-aktuelles","category-av-mediendienste","category-datenschutz","category-presserecht","et-has-post-format-content","et_post_format-et-post-format-standard"],"translation":{"provider":"WPGlobus","version":"3.0.2","language":"gb","enabled_languages":["de","fr","gb"],"languages":{"de":{"title":true,"content":true,"excerpt":false},"fr":{"title":false,"content":false,"excerpt":false},"gb":{"title":false,"content":false,"excerpt":false}}},"_links":{"self":[{"href":"https:\/\/emr-sb.de\/gb\/wp-json\/wp\/v2\/posts\/3924","targetHints":{"allow":["GET"]}}],"collection":[{"href":"https:\/\/emr-sb.de\/gb\/wp-json\/wp\/v2\/posts"}],"about":[{"href":"https:\/\/emr-sb.de\/gb\/wp-json\/wp\/v2\/types\/post"}],"author":[{"embeddable":true,"href":"https:\/\/emr-sb.de\/gb\/wp-json\/wp\/v2\/users\/4"}],"replies":[{"embeddable":true,"href":"https:\/\/emr-sb.de\/gb\/wp-json\/wp\/v2\/comments?post=3924"}],"version-history":[{"count":2,"href":"https:\/\/emr-sb.de\/gb\/wp-json\/wp\/v2\/posts\/3924\/revisions"}],"predecessor-version":[{"id":3927,"href":"https:\/\/emr-sb.de\/gb\/wp-json\/wp\/v2\/posts\/3924\/revisions\/3927"}],"wp:featuredmedia":[{"embeddable":true,"href":"https:\/\/emr-sb.de\/gb\/wp-json\/wp\/v2\/media\/3925"}],"wp:attachment":[{"href":"https:\/\/emr-sb.de\/gb\/wp-json\/wp\/v2\/media?parent=3924"}],"wp:term":[{"taxonomy":"category","embeddable":true,"href":"https:\/\/emr-sb.de\/gb\/wp-json\/wp\/v2\/categories?post=3924"},{"taxonomy":"post_tag","embeddable":true,"href":"https:\/\/emr-sb.de\/gb\/wp-json\/wp\/v2\/tags?post=3924"}],"curies":[{"name":"wp","href":"https:\/\/api.w.org\/{rel}","templated":true}]}}