{"id":4164,"date":"2018-10-08T11:00:04","date_gmt":"2018-10-08T09:00:04","guid":{"rendered":"https:\/\/emr-sb.de\/?p=4164"},"modified":"2018-10-08T11:32:03","modified_gmt":"2018-10-08T09:32:03","slug":"ep-verabschiedet-eu-vorschriften-zur-erleichterung-des-freien-verkehrs-nicht-personenbezogener-daten","status":"publish","type":"post","link":"https:\/\/emr-sb.de\/gb\/ep-verabschiedet-eu-vorschriften-zur-erleichterung-des-freien-verkehrs-nicht-personenbezogener-daten\/","title":{"rendered":"EP verabschiedet EU-Vorschriften zur Erleichterung des freien Verkehrs nicht personenbezogener Daten"},"content":{"rendered":"<p>Das Europ\u00e4ische Parlament hat vergangenen Donnerstag, den 04. Oktober, die von der Europ\u00e4ischen Kommission im September 2017 vorgeschlagene Verordnung \u00fcber den freien Verkehr nicht personenbezogener Daten verabschiedet.<\/p>\n<p>Ziel der Verordnung ist es, Hindernisse f\u00fcr den freien Verkehr nicht personenbezogener Daten zu beseitigen. Die Anwendbarkeit der DSGVO wird dabei nicht ber\u00fchrt. Beide Verordnungen werden jedoch zusammen den freien Verkehr aller \u2013 personenbezogenen und nicht personenbezogenen \u2013 Daten erm\u00f6glichen und so einen einheitlichen europ\u00e4ischen Datenraum schaffen. Bei gemischten Datens\u00e4tzen finden die jeweils einschl\u00e4gigen Bestimmungen der DSGVO f\u00fcr den personenbezogenen Datenteil bzw. die der neuen Verordnung f\u00fcr den nicht-personenbezogenen Datenteil Anwendung.<\/p>\n<p>Nach der erfolgten Zustimmung im Europ\u00e4ische Parlament wird der Rat der EU die Verordnung in den kommenden Wochen verabschieden, bevor sie Ende des Jahres in Kraft tritt. Sobald die Verordnung f\u00f6rmlich verabschiedet ist, haben die Mitgliedstaaten sechs Monate Zeit, die neuen Vorschriften anzuwenden.<\/p>\n<p>Der f\u00fcr den digitalen Binnenmarkt zust\u00e4ndige Vizepr\u00e4sident Andrus Ansip und die f\u00fcr die digitale Wirtschaft und Gesellschaft zust\u00e4ndige Kommissarin Marya Gabriel begr\u00fc\u00dften die Verabschiedung:<\/p>\n<p>\u201eWir begr\u00fc\u00dfen die heutige Abstimmung im Europ\u00e4ischen Parlament. Eine digitale Wirtschaft und Gesellschaft ist ohne Daten undenkbar. Diese Verordnung bildet daher eine weitere wichtige S\u00e4ule des digitalen Binnenmarkts. Nur mit einem freien Datenverkehr in Europa k\u00f6nnen die sich durch den digitalen Fortschritt und die Digitaltechnik bietenden Chancen, wie k\u00fcnstliche Intelligenz und Supercomputer, auch optimal genutzt werden.\u201c<\/p>\n<p>&nbsp;<\/p>\n<p>Pressemitteilung der EU-Kommission (in deutscher Sprache):<\/p>\n<p><a href=\"http:\/\/europa.eu\/rapid\/press-release_STATEMENT-18-6001_de.htm\">http:\/\/europa.eu\/rapid\/press-release_STATEMENT-18-6001_de.htm<\/a><\/p>\n<p class=\"Statut\">Vorschlag f\u00fcr eine VERORDNUNG DES EUROP\u00c4ISCHEN PARLAMENTS UND DES RATES \u00fcber einen Rahmen f\u00fcr den freien Verkehr nicht personenbezogener Daten in der Europ\u00e4ischen Union (in deutscher Sprache):<\/p>\n<p><a href=\"https:\/\/eur-lex.europa.eu\/legal-content\/DE\/TXT\/HTML\/?uri=CELEX:52017PC0495&amp;from=EN\">https:\/\/eur-lex.europa.eu\/legal-content\/DE\/TXT\/HTML\/?uri=CELEX:52017PC0495&amp;from=EN<\/a><\/p>\n<p>&nbsp;<\/p>\n","protected":false},"excerpt":{"rendered":"<p>Das Europ\u00e4ische Parlament hat vergangenen Donnerstag, den 04. Oktober, die von der Europ\u00e4ischen Kommission im September 2017 vorgeschlagene Verordnung \u00fcber den freien Verkehr nicht personenbezogener Daten verabschiedet. Ziel der Verordnung ist es, Hindernisse f\u00fcr den freien Verkehr nicht personenbezogener Daten zu beseitigen. Die Anwendbarkeit der DSGVO wird dabei nicht ber\u00fchrt. Beide Verordnungen werden jedoch zusammen [&hellip;]<\/p>\n","protected":false},"author":1,"featured_media":3214,"comment_status":"closed","ping_status":"open","sticky":false,"template":"","format":"standard","meta":{"_et_pb_use_builder":"","_et_pb_old_content":"","_et_gb_content_width":"","footnotes":""},"categories":[224,1,23],"tags":[],"class_list":["post-4164","post","type-post","status-publish","format-standard","has-post-thumbnail","hentry","category-nachrichten","category-aktuelles","category-datenschutz","et-has-post-format-content","et_post_format-et-post-format-standard"],"translation":{"provider":"WPGlobus","version":"3.0.2","language":"gb","enabled_languages":["de","fr","gb"],"languages":{"de":{"title":true,"content":true,"excerpt":false},"fr":{"title":false,"content":false,"excerpt":false},"gb":{"title":false,"content":false,"excerpt":false}}},"_links":{"self":[{"href":"https:\/\/emr-sb.de\/gb\/wp-json\/wp\/v2\/posts\/4164","targetHints":{"allow":["GET"]}}],"collection":[{"href":"https:\/\/emr-sb.de\/gb\/wp-json\/wp\/v2\/posts"}],"about":[{"href":"https:\/\/emr-sb.de\/gb\/wp-json\/wp\/v2\/types\/post"}],"author":[{"embeddable":true,"href":"https:\/\/emr-sb.de\/gb\/wp-json\/wp\/v2\/users\/1"}],"replies":[{"embeddable":true,"href":"https:\/\/emr-sb.de\/gb\/wp-json\/wp\/v2\/comments?post=4164"}],"version-history":[{"count":3,"href":"https:\/\/emr-sb.de\/gb\/wp-json\/wp\/v2\/posts\/4164\/revisions"}],"predecessor-version":[{"id":4326,"href":"https:\/\/emr-sb.de\/gb\/wp-json\/wp\/v2\/posts\/4164\/revisions\/4326"}],"wp:featuredmedia":[{"embeddable":true,"href":"https:\/\/emr-sb.de\/gb\/wp-json\/wp\/v2\/media\/3214"}],"wp:attachment":[{"href":"https:\/\/emr-sb.de\/gb\/wp-json\/wp\/v2\/media?parent=4164"}],"wp:term":[{"taxonomy":"category","embeddable":true,"href":"https:\/\/emr-sb.de\/gb\/wp-json\/wp\/v2\/categories?post=4164"},{"taxonomy":"post_tag","embeddable":true,"href":"https:\/\/emr-sb.de\/gb\/wp-json\/wp\/v2\/tags?post=4164"}],"curies":[{"name":"wp","href":"https:\/\/api.w.org\/{rel}","templated":true}]}}