{"id":4462,"date":"2019-01-09T16:58:00","date_gmt":"2019-01-09T15:58:00","guid":{"rendered":"https:\/\/emr-sb.de\/?p=4462"},"modified":"2019-01-09T16:58:00","modified_gmt":"2019-01-09T15:58:00","slug":"ag-mannheim-verurteilt-blogger-wegen-frei-erfundenem-terroranschlag","status":"publish","type":"post","link":"https:\/\/emr-sb.de\/gb\/ag-mannheim-verurteilt-blogger-wegen-frei-erfundenem-terroranschlag\/","title":{"rendered":"AG-Mannheim verurteilt Blogger wegen frei erfundenem Terroranschlag"},"content":{"rendered":"<p>Das Amtsgericht Mannheim hat am 07. Januar 2019 den Betreiber eines Blogs zu einer Geldstrafe von 12.000 Euro verurteilt. Dieser hatte im M\u00e4rz 2018 einen Beitrag publiziert, in dem ein Terroranschlag mit 136 Toten beschrieben wurde. Dabei sei nicht f\u00fcr jeden Leser ersichtlich gewesen, dass der Anschlag frei erfunden war. Eine entsprechende Information sei laut Medienberichten erst hinter einer Bezahlschranke lesbar gewesen. F\u00fcr die Staatsanwaltschaft war der Beitrag so geeignet, den \u00f6ffentlichen Frieden zu st\u00f6ren, \u00a7 126 Strafgesetzbuch (StGB).<\/p>\n<p>Der Blogbetreiber hat bereits angek\u00fcndigt in Berufung zu gehen. Das Urteil ist noch nicht rechtskr\u00e4ftig.<\/p>\n","protected":false},"excerpt":{"rendered":"<p>Das Amtsgericht Mannheim hat am 07. Januar 2019 den Betreiber eines Blogs zu einer Geldstrafe von 12.000 Euro verurteilt. Dieser hatte im M\u00e4rz 2018 einen Beitrag publiziert, in dem ein Terroranschlag mit 136 Toten beschrieben wurde. Dabei sei nicht f\u00fcr jeden Leser ersichtlich gewesen, dass der Anschlag frei erfunden war. Eine entsprechende Information sei laut [&hellip;]<\/p>\n","protected":false},"author":1,"featured_media":4019,"comment_status":"closed","ping_status":"open","sticky":false,"template":"","format":"standard","meta":{"_et_pb_use_builder":"","_et_pb_old_content":"","_et_gb_content_width":"","footnotes":""},"categories":[224,1,218,221],"tags":[],"class_list":["post-4462","post","type-post","status-publish","format-standard","has-post-thumbnail","hentry","category-nachrichten","category-aktuelles","category-presserecht","category-telemedienrecht","et-has-post-format-content","et_post_format-et-post-format-standard"],"translation":{"provider":"WPGlobus","version":"3.0.2","language":"gb","enabled_languages":["de","fr","gb"],"languages":{"de":{"title":true,"content":true,"excerpt":false},"fr":{"title":false,"content":false,"excerpt":false},"gb":{"title":false,"content":false,"excerpt":false}}},"_links":{"self":[{"href":"https:\/\/emr-sb.de\/gb\/wp-json\/wp\/v2\/posts\/4462","targetHints":{"allow":["GET"]}}],"collection":[{"href":"https:\/\/emr-sb.de\/gb\/wp-json\/wp\/v2\/posts"}],"about":[{"href":"https:\/\/emr-sb.de\/gb\/wp-json\/wp\/v2\/types\/post"}],"author":[{"embeddable":true,"href":"https:\/\/emr-sb.de\/gb\/wp-json\/wp\/v2\/users\/1"}],"replies":[{"embeddable":true,"href":"https:\/\/emr-sb.de\/gb\/wp-json\/wp\/v2\/comments?post=4462"}],"version-history":[{"count":2,"href":"https:\/\/emr-sb.de\/gb\/wp-json\/wp\/v2\/posts\/4462\/revisions"}],"predecessor-version":[{"id":4464,"href":"https:\/\/emr-sb.de\/gb\/wp-json\/wp\/v2\/posts\/4462\/revisions\/4464"}],"wp:featuredmedia":[{"embeddable":true,"href":"https:\/\/emr-sb.de\/gb\/wp-json\/wp\/v2\/media\/4019"}],"wp:attachment":[{"href":"https:\/\/emr-sb.de\/gb\/wp-json\/wp\/v2\/media?parent=4462"}],"wp:term":[{"taxonomy":"category","embeddable":true,"href":"https:\/\/emr-sb.de\/gb\/wp-json\/wp\/v2\/categories?post=4462"},{"taxonomy":"post_tag","embeddable":true,"href":"https:\/\/emr-sb.de\/gb\/wp-json\/wp\/v2\/tags?post=4462"}],"curies":[{"name":"wp","href":"https:\/\/api.w.org\/{rel}","templated":true}]}}