{"id":4626,"date":"2019-03-15T16:03:34","date_gmt":"2019-03-15T15:03:34","guid":{"rendered":"https:\/\/emr-sb.de\/?p=4626"},"modified":"2019-03-15T16:03:34","modified_gmt":"2019-03-15T15:03:34","slug":"vg-koeln-lehnt-eilantraege-gegen-5g-versteigerung-ab","status":"publish","type":"post","link":"https:\/\/emr-sb.de\/gb\/vg-koeln-lehnt-eilantraege-gegen-5g-versteigerung-ab\/","title":{"rendered":"VG K\u00f6ln lehnt Eilantr\u00e4ge gegen 5G Versteigerung ab"},"content":{"rendered":"<p>Mit Beschl\u00fcssen vom 14. M\u00e4rz 2019 hat das Verwaltungsgericht K\u00f6ln die Eilantr\u00e4ge der Mobilfunknetzbetreiber Telekom, Telef\u00f3nica und Vodafone gegen Frequenznutzungs- und Versteigerungsbedingungen im Rahmen der 5G-Lizenzen abgelehnt.<\/p>\n<p>Mit den Eilantr\u00e4gen wandten sich die Mobilfunknetzbetreiber u.a. gegen die in der Entscheidung der Bundesnetzagentur (BNetzA) vom 26. November 2018 zur Versteigerung enthaltene Versorgungsauflagen, wonach bis Ende 2022 mindestens 98 Prozent der Haushalte in jedem Bundesland, alle Bundesautobahnen, die wichtigsten Bundesstra\u00dfen sowie die wichtigsten Schienenwege mit schnellen Datenverbindungen versorgt werden m\u00fcssen. Die Antragstellerinnen halten die Vorgaben f\u00fcr unzumutbar, sie seien nicht mit den nun zur Versteigerung anstehenden Frequenzen erf\u00fcllbar. Zudem sei eine in der Entscheidung vorgesehene Verpflichtung f\u00fcr k\u00fcnftige Frequenzinhaber zur Verhandlung \u00fcber Kooperationen \u00fcber die Mitbenutzung durch andere Netzbetreiber im Rahmen des sogenannten Roamings rechtswidrig.<\/p>\n<p>Das Gericht folgte der Ansicht nicht. Es f\u00fchrte aus, die Entscheidung der BNetzA sei nach dem in den Eilverfahren gewonnenen Erkenntnisstand rechtm\u00e4\u00dfig. Die BNetzA verf\u00fcge bei Regelung der Bedingungen f\u00fcr die Vergabe von Frequenzen \u00fcber einen Ausgestaltungsspielraum dessen Grenzen nicht \u00fcberschritten seien und der gerichtlich nur eingeschr\u00e4nkt \u00fcberpr\u00fcfbar sei. Zudem best\u00fcnde in der Folgenabw\u00e4gung im Rahmen der Eilentscheidung ein erhebliches \u00f6ffentliches Interesse an einer zeitnahen Versteigerung der 5G-Frequenzen.<\/p>\n<p>Auch den kurzfristig erst rund eine Woche vor dem geplanten Versteigerungsbeginn erhobenen Eilantrag von mobilcom-debitel\/freenet hat das Gericht abgelehnt. Die Antragstellerinnen wollen erreichen, dass Netzbetreibern eine so genannte Diensteanbieterverpflichtung auferlegt wird, also eine Verpflichtung, Unternehmen ohne eigenes Netz \u00dcbertragungskapazit\u00e4ten zur Verf\u00fcgung zu stellen.<\/p>\n<p>Die Pressemitteilung zur Entscheidung des VG K\u00f6ln ist abrufbar unter:<\/p>\n<p>http:\/\/www.vg-koeln.nrw.de\/behoerde\/presse\/Pressemitteilungen\/07_190315\/index.php<\/p>\n<p>&nbsp;<\/p>\n","protected":false},"excerpt":{"rendered":"<p>Mit Beschl\u00fcssen vom 14. M\u00e4rz 2019 hat das Verwaltungsgericht K\u00f6ln die Eilantr\u00e4ge der Mobilfunknetzbetreiber Telekom, Telef\u00f3nica und Vodafone gegen Frequenznutzungs- und Versteigerungsbedingungen im Rahmen der 5G-Lizenzen abgelehnt. Mit den Eilantr\u00e4gen wandten sich die Mobilfunknetzbetreiber u.a. gegen die in der Entscheidung der Bundesnetzagentur (BNetzA) vom 26. November 2018 zur Versteigerung enthaltene Versorgungsauflagen, wonach bis Ende 2022 [&hellip;]<\/p>\n","protected":false},"author":1,"featured_media":4007,"comment_status":"closed","ping_status":"open","sticky":false,"template":"","format":"standard","meta":{"_et_pb_use_builder":"","_et_pb_old_content":"","_et_gb_content_width":"","footnotes":""},"categories":[224,1,27],"tags":[],"class_list":["post-4626","post","type-post","status-publish","format-standard","has-post-thumbnail","hentry","category-nachrichten","category-aktuelles","category-telekommunikation","et-has-post-format-content","et_post_format-et-post-format-standard"],"translation":{"provider":"WPGlobus","version":"3.0.2","language":"gb","enabled_languages":["de","fr","gb"],"languages":{"de":{"title":true,"content":true,"excerpt":false},"fr":{"title":false,"content":false,"excerpt":false},"gb":{"title":false,"content":false,"excerpt":false}}},"_links":{"self":[{"href":"https:\/\/emr-sb.de\/gb\/wp-json\/wp\/v2\/posts\/4626","targetHints":{"allow":["GET"]}}],"collection":[{"href":"https:\/\/emr-sb.de\/gb\/wp-json\/wp\/v2\/posts"}],"about":[{"href":"https:\/\/emr-sb.de\/gb\/wp-json\/wp\/v2\/types\/post"}],"author":[{"embeddable":true,"href":"https:\/\/emr-sb.de\/gb\/wp-json\/wp\/v2\/users\/1"}],"replies":[{"embeddable":true,"href":"https:\/\/emr-sb.de\/gb\/wp-json\/wp\/v2\/comments?post=4626"}],"version-history":[{"count":2,"href":"https:\/\/emr-sb.de\/gb\/wp-json\/wp\/v2\/posts\/4626\/revisions"}],"predecessor-version":[{"id":4628,"href":"https:\/\/emr-sb.de\/gb\/wp-json\/wp\/v2\/posts\/4626\/revisions\/4628"}],"wp:featuredmedia":[{"embeddable":true,"href":"https:\/\/emr-sb.de\/gb\/wp-json\/wp\/v2\/media\/4007"}],"wp:attachment":[{"href":"https:\/\/emr-sb.de\/gb\/wp-json\/wp\/v2\/media?parent=4626"}],"wp:term":[{"taxonomy":"category","embeddable":true,"href":"https:\/\/emr-sb.de\/gb\/wp-json\/wp\/v2\/categories?post=4626"},{"taxonomy":"post_tag","embeddable":true,"href":"https:\/\/emr-sb.de\/gb\/wp-json\/wp\/v2\/tags?post=4626"}],"curies":[{"name":"wp","href":"https:\/\/api.w.org\/{rel}","templated":true}]}}