{"id":4713,"date":"2019-04-12T16:50:26","date_gmt":"2019-04-12T14:50:26","guid":{"rendered":"https:\/\/emr-sb.de\/?p=4713"},"modified":"2019-04-12T16:55:44","modified_gmt":"2019-04-12T14:55:44","slug":"vorstellung-des-emr-gutachtens-aktive-sicherung-lokaler-und-regionaler-medienvielfalt-rechtliche-moeglichkeiten-und-grenzen","status":"publish","type":"post","link":"https:\/\/emr-sb.de\/gb\/vorstellung-des-emr-gutachtens-aktive-sicherung-lokaler-und-regionaler-medienvielfalt-rechtliche-moeglichkeiten-und-grenzen\/","title":{"rendered":"Vorstellung des EMR-Gutachtens \u201eAktive Sicherung lokaler und regionaler Medienvielfalt \u2013 Rechtliche M\u00f6glichkeiten und Grenzen\u201c"},"content":{"rendered":"<p>Am 11. April 2019 fand die Veranstaltung der Th\u00fcringer Landesmedienanstalt (TLM) in der Vertretung des Freistaats Th\u00fcringen beim Bund zum Anlass der Pr\u00e4sentation des vom Institut f\u00fcr Europ\u00e4isches Medienrecht e. V. (EMR) erstellten Gutachtens \u201eAktive Sicherung lokaler und regionaler Medienvielfalt \u2013 Rechtliche M\u00f6glichkeiten und Grenzen\u201c statt.\u00a0Dr. J\u00f6rg Ukrow, Gesch\u00e4ftsf\u00fchrendes Vorstandsmitglied des EMR, stellte das Gutachten vor.<\/p>\n<p>Die Pressemitteilung der Th\u00fcringer Landesmedienanstalt zur Veranstaltung ist abrufbar unter:<\/p>\n<p><a href=\"https:\/\/www.tlm.de\/infothek\/pressemitteilungen\/pm-einzelansicht\/article\/medienvielfalt-sichern-ueberlegungen-forderungen-und-modelle-1\/\">https:\/\/www.tlm.de\/infothek\/pressemitteilungen\/pm-einzelansicht\/article\/medienvielfalt-sichern-ueberlegungen-forderungen-und-modelle-1\/<\/a><\/p>\n<p>&nbsp;<\/p>\n","protected":false},"excerpt":{"rendered":"<p>Am 11. April 2019 fand die Veranstaltung der Th\u00fcringer Landesmedienanstalt (TLM) in der Vertretung des Freistaats Th\u00fcringen beim Bund zum Anlass der Pr\u00e4sentation des vom Institut f\u00fcr Europ\u00e4isches Medienrecht e. V. (EMR) erstellten Gutachtens \u201eAktive Sicherung lokaler und regionaler Medienvielfalt \u2013 Rechtliche M\u00f6glichkeiten und Grenzen\u201c statt.\u00a0Dr. J\u00f6rg Ukrow, Gesch\u00e4ftsf\u00fchrendes Vorstandsmitglied des EMR, stellte das Gutachten [&hellip;]<\/p>\n","protected":false},"author":1,"featured_media":4714,"comment_status":"closed","ping_status":"open","sticky":false,"template":"","format":"standard","meta":{"_et_pb_use_builder":"","_et_pb_old_content":"","_et_gb_content_width":"","footnotes":""},"categories":[3,218,220,221],"tags":[],"class_list":["post-4713","post","type-post","status-publish","format-standard","has-post-thumbnail","hentry","category-aktuelle-meldung","category-presserecht","category-rundfunkrecht","category-telemedienrecht","et-has-post-format-content","et_post_format-et-post-format-standard"],"translation":{"provider":"WPGlobus","version":"3.0.2","language":"gb","enabled_languages":["de","fr","gb"],"languages":{"de":{"title":true,"content":true,"excerpt":false},"fr":{"title":false,"content":false,"excerpt":false},"gb":{"title":false,"content":false,"excerpt":false}}},"_links":{"self":[{"href":"https:\/\/emr-sb.de\/gb\/wp-json\/wp\/v2\/posts\/4713","targetHints":{"allow":["GET"]}}],"collection":[{"href":"https:\/\/emr-sb.de\/gb\/wp-json\/wp\/v2\/posts"}],"about":[{"href":"https:\/\/emr-sb.de\/gb\/wp-json\/wp\/v2\/types\/post"}],"author":[{"embeddable":true,"href":"https:\/\/emr-sb.de\/gb\/wp-json\/wp\/v2\/users\/1"}],"replies":[{"embeddable":true,"href":"https:\/\/emr-sb.de\/gb\/wp-json\/wp\/v2\/comments?post=4713"}],"version-history":[{"count":3,"href":"https:\/\/emr-sb.de\/gb\/wp-json\/wp\/v2\/posts\/4713\/revisions"}],"predecessor-version":[{"id":4718,"href":"https:\/\/emr-sb.de\/gb\/wp-json\/wp\/v2\/posts\/4713\/revisions\/4718"}],"wp:featuredmedia":[{"embeddable":true,"href":"https:\/\/emr-sb.de\/gb\/wp-json\/wp\/v2\/media\/4714"}],"wp:attachment":[{"href":"https:\/\/emr-sb.de\/gb\/wp-json\/wp\/v2\/media?parent=4713"}],"wp:term":[{"taxonomy":"category","embeddable":true,"href":"https:\/\/emr-sb.de\/gb\/wp-json\/wp\/v2\/categories?post=4713"},{"taxonomy":"post_tag","embeddable":true,"href":"https:\/\/emr-sb.de\/gb\/wp-json\/wp\/v2\/tags?post=4713"}],"curies":[{"name":"wp","href":"https:\/\/api.w.org\/{rel}","templated":true}]}}