{"id":4753,"date":"2019-05-09T11:15:07","date_gmt":"2019-05-09T09:15:07","guid":{"rendered":"https:\/\/emr-sb.de\/?p=4753"},"modified":"2019-05-09T11:15:18","modified_gmt":"2019-05-09T09:15:18","slug":"tv-diskurs-beitrag-mark-cole","status":"publish","type":"post","link":"https:\/\/emr-sb.de\/gb\/tv-diskurs-beitrag-mark-cole\/","title":{"rendered":"Beitrag von Prof. Dr. Mark D. Cole in tv diskurs: Jugendmedienschutz unter dem Einfluss des Europarechts"},"content":{"rendered":"<p>In der aktuellen Ausgabe der tv diskurs (23. Jg., 2\/2019 (Ausgabe 88), S. 64-67) ist ein Beitrag des wissenschaftlichen Direktors des EMR, Prof. Dr. Mark D. Cole, unter dem Titel &#8220;Jugendmedienschutz unter dem Einfluss des Europarechts &#8211; Die Weiterentwicklung durch die AVMD-Richtlinie 2018&#8221; erschienen.\u00a0<\/p>\n<p>Mit der Richtlinie 2018\/1808\/EU wurde die Richtlinie \u00fcber audiovisuelle Mediendienste (AVMD-Richtlinie) Ende des vergangenen Jahres reformiert. Dabei sind bedeutsame Ver\u00e4nderungen erfolgt, die unter anderem die Angleichung von Vorschriften im linearen und non-linearen Bereich oder die F\u00f6rderung europ\u00e4ischer Werke betreffen. Die Mitgliedstaaten haben bei der bis September 2020 zu erfolgenden Umsetzung einerseits viel Spielraum, andererseits erhebliche \u201eHausaufgaben\u201c, um eine zielgerechte Einpassung in das nationale Recht zu erreichen. Der Beitrag von Prof. Dr. Cole beleuchtet die neuen Regeln in Bezug auf das Jugendmedienschutzrecht, die im Rahmen des Reformierungsprozesseszwar nicht im\u00a0 Fokus\u00a0der \u00f6ffentlichen Debatte standen, aber ein besonders wichtiger Teil der Richtlinie und des Anpassungsbedarfs sind. Dabei spiele, so Prof. Dr. Cole, auch die st\u00e4rkere Etablierung der Ko- und Selbstregulierung in diesem Bereich nach dem Willen der EU-Gesetzgeber in Zukunft eine noch gr\u00f6\u00dfere Rolle, die daher auch in seinem Beitrag n\u00e4her beleuchtet wird.\u00a0<\/p>\n<p>Der Beitrag ist abrufbar unter\u00a0<a href=\"https:\/\/tvdiskurs.de\/beitrag\/jugendmedienschutz-unter-dem-einfluss-des-europarechts\/\" target=\"_blank\" rel=\"noopener\">https:\/\/tvdiskurs.de\/beitrag\/jugendmedienschutz-unter-dem-einfluss-des-europarechts\/\u00a0<\/a><\/p>\n","protected":false},"excerpt":{"rendered":"<p>In der aktuellen Ausgabe der tv diskurs (23. Jg., 2\/2019 (Ausgabe 88), S. 64-67) ist ein Beitrag des wissenschaftlichen Direktors des EMR, Prof. Dr. Mark D. Cole, unter dem Titel &#8220;Jugendmedienschutz unter dem Einfluss des Europarechts &#8211; Die Weiterentwicklung durch die AVMD-Richtlinie 2018&#8221; erschienen.\u00a0 Mit der Richtlinie 2018\/1808\/EU wurde die Richtlinie \u00fcber audiovisuelle Mediendienste (AVMD-Richtlinie) [&hellip;]<\/p>\n","protected":false},"author":4,"featured_media":4754,"comment_status":"closed","ping_status":"open","sticky":false,"template":"","format":"standard","meta":{"_et_pb_use_builder":"","_et_pb_old_content":"","_et_gb_content_width":"","footnotes":""},"categories":[3,1,24,215,220,221,30],"tags":[],"class_list":["post-4753","post","type-post","status-publish","format-standard","has-post-thumbnail","hentry","category-aktuelle-meldung","category-aktuelles","category-av-mediendienste","category-jugendmedienschutz","category-rundfunkrecht","category-telemedienrecht","category-werberecht","et-has-post-format-content","et_post_format-et-post-format-standard"],"translation":{"provider":"WPGlobus","version":"3.0.2","language":"gb","enabled_languages":["de","fr","gb"],"languages":{"de":{"title":true,"content":true,"excerpt":false},"fr":{"title":false,"content":false,"excerpt":false},"gb":{"title":false,"content":false,"excerpt":false}}},"_links":{"self":[{"href":"https:\/\/emr-sb.de\/gb\/wp-json\/wp\/v2\/posts\/4753","targetHints":{"allow":["GET"]}}],"collection":[{"href":"https:\/\/emr-sb.de\/gb\/wp-json\/wp\/v2\/posts"}],"about":[{"href":"https:\/\/emr-sb.de\/gb\/wp-json\/wp\/v2\/types\/post"}],"author":[{"embeddable":true,"href":"https:\/\/emr-sb.de\/gb\/wp-json\/wp\/v2\/users\/4"}],"replies":[{"embeddable":true,"href":"https:\/\/emr-sb.de\/gb\/wp-json\/wp\/v2\/comments?post=4753"}],"version-history":[{"count":3,"href":"https:\/\/emr-sb.de\/gb\/wp-json\/wp\/v2\/posts\/4753\/revisions"}],"predecessor-version":[{"id":4756,"href":"https:\/\/emr-sb.de\/gb\/wp-json\/wp\/v2\/posts\/4753\/revisions\/4756"}],"wp:featuredmedia":[{"embeddable":true,"href":"https:\/\/emr-sb.de\/gb\/wp-json\/wp\/v2\/media\/4754"}],"wp:attachment":[{"href":"https:\/\/emr-sb.de\/gb\/wp-json\/wp\/v2\/media?parent=4753"}],"wp:term":[{"taxonomy":"category","embeddable":true,"href":"https:\/\/emr-sb.de\/gb\/wp-json\/wp\/v2\/categories?post=4753"},{"taxonomy":"post_tag","embeddable":true,"href":"https:\/\/emr-sb.de\/gb\/wp-json\/wp\/v2\/tags?post=4753"}],"curies":[{"name":"wp","href":"https:\/\/api.w.org\/{rel}","templated":true}]}}