{"id":4795,"date":"2019-05-16T11:12:13","date_gmt":"2019-05-16T09:12:13","guid":{"rendered":"https:\/\/emr-sb.de\/?p=4795"},"modified":"2019-05-16T11:12:13","modified_gmt":"2019-05-16T09:12:13","slug":"veranstaltungshinweis-freiheit-des-wortes-freiheit-der-gesellschaft-70-jahre-artikel-5-des-grundgesetzes","status":"publish","type":"post","link":"https:\/\/emr-sb.de\/gb\/veranstaltungshinweis-freiheit-des-wortes-freiheit-der-gesellschaft-70-jahre-artikel-5-des-grundgesetzes\/","title":{"rendered":"Veranstaltungshinweis: Freiheit des Wortes &#8211; Freiheit der Gesellschaft? 70 Jahre Artikel 5 des Grundgesetzes"},"content":{"rendered":"<p>Unter dem Titel &#8220;Freiheit des Wortes &#8211; Freiheit der Gesellschaft? 70 Jahre Artikel 5 des Grundgesetzes&#8221; und organisiert von dem\u00a0Europ\u00e4ischen Institut f\u00fcr Journalismus- und Kommunikationsforschung e.V. (EIJK) in Kooperation mit dem European Centre for Press and Media Freedom (ECPMF) und der University of Education (PH Schw\u00e4bisch Gm\u00fcnd), findet am\u00a0<\/p>\n<p style=\"text-align: center;\"><strong>Dienstag, 25. Juni 2019, 10 bis 17 Uhr<\/strong><br \/>\n<strong>auf dem Mediencampus<\/strong><br \/>\n<strong>Poetenweg 28, 04155 Leipzig<\/strong><\/p>\n<p>eine Veranstaltung statt auf die wir Sie gerne hinweisen m\u00f6chten.\u00a0<\/p>\n<p>Seit Fr\u00fchsommer des Jahres 1949 ist mit Artikel 5 des Grundgesetzes die Presse- und Meinungs\u00e4u\u00dferungsfreiheit wie auch der freie Zugang zu Informationsquellen formal gew\u00e4hrleistet. Doch es dauerte Jahrzehnte, ehe Politiker und die staatlichen Institutionen dieses \u201eAbwehrrecht\u201c der journalistischen Medien respektierten. Mit dem Internetzeitalter erweitert sich nun dieser Freiheitsanspruch zu einem Jedermannsrecht \u2013 und ist erneut umk\u00e4mpft und umstritten.<\/p>\n<p>Auf dieser Tagung sprechen renommierte Expertinnen und Experten \u00fcber die 70-j\u00e4hrige Geschichte dieses Fundamentalrechts und diskutieren die aktuellen Probleme und Perspektiven. Auch das gesch\u00e4ftsf\u00fchrende Vorstandsmitglied des EMR, Dr. J\u00f6rg Ukrow, wird hiebei zum Thema &#8220;Vielfaltssicherung zwischen Digitalisierung und Europ\u00e4isierung&#8221; vortragen.<\/p>\n<p>Weitere Informationen zum Programm sowie eine Anmeldm\u00f6glichkeit finden Sie auf der <a href=\"https:\/\/freiheitdesworteseijc.sched.com\" target=\"_blank\" rel=\"noopener\">Webseite der Veranstalter<\/a>.\u00a0<\/p>\n","protected":false},"excerpt":{"rendered":"<p>Unter dem Titel &#8220;Freiheit des Wortes &#8211; Freiheit der Gesellschaft? 70 Jahre Artikel 5 des Grundgesetzes&#8221; und organisiert von dem\u00a0Europ\u00e4ischen Institut f\u00fcr Journalismus- und Kommunikationsforschung e.V. (EIJK) in Kooperation mit dem European Centre for Press and Media Freedom (ECPMF) und der University of Education (PH Schw\u00e4bisch Gm\u00fcnd), findet am\u00a0 Dienstag, 25. Juni 2019, 10 bis [&hellip;]<\/p>\n","protected":false},"author":4,"featured_media":4068,"comment_status":"closed","ping_status":"open","sticky":false,"template":"","format":"standard","meta":{"_et_pb_use_builder":"","_et_pb_old_content":"","_et_gb_content_width":"","footnotes":""},"categories":[3,1,24,216,218,220],"tags":[],"class_list":["post-4795","post","type-post","status-publish","format-standard","has-post-thumbnail","hentry","category-aktuelle-meldung","category-aktuelles","category-av-mediendienste","category-kultur-und-filmfoerderung","category-presserecht","category-rundfunkrecht","et-has-post-format-content","et_post_format-et-post-format-standard"],"translation":{"provider":"WPGlobus","version":"3.0.2","language":"gb","enabled_languages":["de","fr","gb"],"languages":{"de":{"title":true,"content":true,"excerpt":false},"fr":{"title":false,"content":false,"excerpt":false},"gb":{"title":false,"content":false,"excerpt":false}}},"_links":{"self":[{"href":"https:\/\/emr-sb.de\/gb\/wp-json\/wp\/v2\/posts\/4795","targetHints":{"allow":["GET"]}}],"collection":[{"href":"https:\/\/emr-sb.de\/gb\/wp-json\/wp\/v2\/posts"}],"about":[{"href":"https:\/\/emr-sb.de\/gb\/wp-json\/wp\/v2\/types\/post"}],"author":[{"embeddable":true,"href":"https:\/\/emr-sb.de\/gb\/wp-json\/wp\/v2\/users\/4"}],"replies":[{"embeddable":true,"href":"https:\/\/emr-sb.de\/gb\/wp-json\/wp\/v2\/comments?post=4795"}],"version-history":[{"count":2,"href":"https:\/\/emr-sb.de\/gb\/wp-json\/wp\/v2\/posts\/4795\/revisions"}],"predecessor-version":[{"id":4798,"href":"https:\/\/emr-sb.de\/gb\/wp-json\/wp\/v2\/posts\/4795\/revisions\/4798"}],"wp:featuredmedia":[{"embeddable":true,"href":"https:\/\/emr-sb.de\/gb\/wp-json\/wp\/v2\/media\/4068"}],"wp:attachment":[{"href":"https:\/\/emr-sb.de\/gb\/wp-json\/wp\/v2\/media?parent=4795"}],"wp:term":[{"taxonomy":"category","embeddable":true,"href":"https:\/\/emr-sb.de\/gb\/wp-json\/wp\/v2\/categories?post=4795"},{"taxonomy":"post_tag","embeddable":true,"href":"https:\/\/emr-sb.de\/gb\/wp-json\/wp\/v2\/tags?post=4795"}],"curies":[{"name":"wp","href":"https:\/\/api.w.org\/{rel}","templated":true}]}}