{"id":4796,"date":"2019-05-16T11:35:18","date_gmt":"2019-05-16T09:35:18","guid":{"rendered":"https:\/\/emr-sb.de\/?p=4796"},"modified":"2019-05-16T11:35:18","modified_gmt":"2019-05-16T09:35:18","slug":"bverfg-rbb-muss-wahlwerbespot-der-npd-ausstrahlen","status":"publish","type":"post","link":"https:\/\/emr-sb.de\/gb\/bverfg-rbb-muss-wahlwerbespot-der-npd-ausstrahlen\/","title":{"rendered":"BVerfG: rbb muss Wahlwerbespot der NPD ausstrahlen"},"content":{"rendered":"<p>Mit Beschluss vom 15.05.2019 hat das BVerfG einem Eilantrag der NPD stattgegeben. Sie begehrte die Ausstrahlung eines Wahlwerbespots beim \u00f6ffentlich-rechtlichen Rundfunksender rbb, der weigerte zun\u00e4chst eine Sendung im vorgesehen Zeitfenster, da der Spot laut rbb einen offenkundigen und schwerwiegenden Versto\u00df gegen den Straftatbestand der Volksverhetzung enthalte.<\/p>\n<p>Eilantr\u00e4ge der NPD vor dem Verwaltungsgericht Berlin und dem Oberverwaltungsgericht Berlin-Brandenburg waren erfolglos. Doch das BVerfG verpflichtete den rbb nun zur Ausstrahlung. Es erg\u00e4be sich nicht mit hinreichender Gewissheit, dass dem Wahlwerbespot ein volksverhetzender Inhalt entnommen werden muss.<\/p>\n<p>Die Pressemitteilung des BVerfG ist abrufbar unter:<\/p>\n<p><a href=\"https:\/\/www.bundesverfassungsgericht.de\/SharedDocs\/Pressemitteilungen\/DE\/2019\/bvg19-036.html\">https:\/\/www.bundesverfassungsgericht.de\/SharedDocs\/Pressemitteilungen\/DE\/2019\/bvg19-036.html<\/a><\/p>\n<p>&nbsp;<\/p>\n<p>&nbsp;<\/p>\n","protected":false},"excerpt":{"rendered":"<p>Mit Beschluss vom 15.05.2019 hat das BVerfG einem Eilantrag der NPD stattgegeben. Sie begehrte die Ausstrahlung eines Wahlwerbespots beim \u00f6ffentlich-rechtlichen Rundfunksender rbb, der weigerte zun\u00e4chst eine Sendung im vorgesehen Zeitfenster, da der Spot laut rbb einen offenkundigen und schwerwiegenden Versto\u00df gegen den Straftatbestand der Volksverhetzung enthalte. Eilantr\u00e4ge der NPD vor dem Verwaltungsgericht Berlin und dem [&hellip;]<\/p>\n","protected":false},"author":1,"featured_media":4799,"comment_status":"closed","ping_status":"open","sticky":false,"template":"","format":"standard","meta":{"_et_pb_use_builder":"","_et_pb_old_content":"","_et_gb_content_width":"","footnotes":""},"categories":[224,1,220],"tags":[],"class_list":["post-4796","post","type-post","status-publish","format-standard","has-post-thumbnail","hentry","category-nachrichten","category-aktuelles","category-rundfunkrecht","et-has-post-format-content","et_post_format-et-post-format-standard"],"translation":{"provider":"WPGlobus","version":"3.0.2","language":"gb","enabled_languages":["de","fr","gb"],"languages":{"de":{"title":true,"content":true,"excerpt":false},"fr":{"title":false,"content":false,"excerpt":false},"gb":{"title":false,"content":false,"excerpt":false}}},"_links":{"self":[{"href":"https:\/\/emr-sb.de\/gb\/wp-json\/wp\/v2\/posts\/4796","targetHints":{"allow":["GET"]}}],"collection":[{"href":"https:\/\/emr-sb.de\/gb\/wp-json\/wp\/v2\/posts"}],"about":[{"href":"https:\/\/emr-sb.de\/gb\/wp-json\/wp\/v2\/types\/post"}],"author":[{"embeddable":true,"href":"https:\/\/emr-sb.de\/gb\/wp-json\/wp\/v2\/users\/1"}],"replies":[{"embeddable":true,"href":"https:\/\/emr-sb.de\/gb\/wp-json\/wp\/v2\/comments?post=4796"}],"version-history":[{"count":2,"href":"https:\/\/emr-sb.de\/gb\/wp-json\/wp\/v2\/posts\/4796\/revisions"}],"predecessor-version":[{"id":4801,"href":"https:\/\/emr-sb.de\/gb\/wp-json\/wp\/v2\/posts\/4796\/revisions\/4801"}],"wp:featuredmedia":[{"embeddable":true,"href":"https:\/\/emr-sb.de\/gb\/wp-json\/wp\/v2\/media\/4799"}],"wp:attachment":[{"href":"https:\/\/emr-sb.de\/gb\/wp-json\/wp\/v2\/media?parent=4796"}],"wp:term":[{"taxonomy":"category","embeddable":true,"href":"https:\/\/emr-sb.de\/gb\/wp-json\/wp\/v2\/categories?post=4796"},{"taxonomy":"post_tag","embeddable":true,"href":"https:\/\/emr-sb.de\/gb\/wp-json\/wp\/v2\/tags?post=4796"}],"curies":[{"name":"wp","href":"https:\/\/api.w.org\/{rel}","templated":true}]}}