{"id":4833,"date":"2019-05-15T10:30:31","date_gmt":"2019-05-15T08:30:31","guid":{"rendered":"https:\/\/emr-sb.de\/?p=4833"},"modified":"2022-09-29T14:05:53","modified_gmt":"2022-09-29T12:05:53","slug":"gutachten-aktive-sicherung-lokaler-und-regionaler-medienvielfalt-veroeffentlicht","status":"publish","type":"post","link":"https:\/\/emr-sb.de\/gb\/gutachten-aktive-sicherung-lokaler-und-regionaler-medienvielfalt-veroeffentlicht\/","title":{"rendered":"Gutachten &#8220;Aktive Sicherung lokaler und regionaler Medienvielfalt&#8221; ver\u00f6ffentlicht"},"content":{"rendered":"<p>Das Gutachten &#8220;Aktive Sicherung lokaler und regionaler Medienvielfalt&#8221;, das das EMR im Auftrag der Th\u00fcringer Landesmedienanstalt und der Th\u00fcringer Staatskanzlei erstellt hat, wurde als 25. Band der Schriftenreihe der TLM ver\u00f6ffentlicht.\u00a0<\/p>\n<p>Lokalen und regionalen Medien kommt in einer demokratischen Gesellschaft eine besondere Rolle zu: Sie sind f\u00fcr die individuelle und \u00f6ffentliche Meinungs- und Willensbildung vor Ort unverzichtbar, besitzen eine enge Bindung zu ihren Nutzern und schaffen R\u00e4ume f\u00fcr Identifikation, Dialog, Toleranz und N\u00e4he.<br \/>\nIn den letzten Jahren sind lokale und regionale Medien jedoch massiv unter Druck geraten. Ihre Gesch\u00e4ftsmodelle funktionieren nicht mehr, Reichweiten gehen zur\u00fcck und speziell die J\u00fcngeren wenden sich anderen Medien zu. Daher stellt sich immer dr\u00e4ngender die Frage, wie sich auf dieser Ebene vielf\u00e4ltige Informationsangebote heute und in Zukunft erhalten und finanzieren lassen.<br \/>\nDas EMR-Gutachten bietet dazu eine umfassende Analyse der verschiedenen M\u00f6glichkeiten zur F\u00f6rderung von lokaler und regionaler Vielfalt. Ausgangspunkte sind die besondere Rolle regionaler und lokaler Medieninhalte f\u00fcr die Meinungs- und Willensbildung sowie die aktuellen Entwicklungen in den Bereichen Technik, Nutzung und Finanzierung.<br \/>\nDie Autoren, Dr. J\u00f6rg Ukrow und Prof. Dr. Mark D. Cole, diskutieren die einschl\u00e4gigen europa- und verfassungsrechtlichen Vorgaben und erl\u00e4utern anhand ausgew\u00e4hlter Beispiele, welche Finanzierungsformen und F\u00f6rderstrategien schon heute in verschiedenen L\u00e4ndern und Staaten praktiziert werden. Auf dieser Basis gehen sie schlie\u00dflich der Frage nach, welche Modelle zul\u00e4ssig, geeignet und geboten sein k\u00f6nnten, zum Erhalt bzw. der Schaffung vielf\u00e4ltiger lokaler Medienlandschaften beizutragen.<\/p>\n<p>Einen Auszug aus dem Gutachten, inklusive der thesenartigen Zusammenfassung der Ergebnisse, <a href=\"https:\/\/www.tlm.de\/fileadmin\/user_upload\/Infothek\/Presse\/2019\/17PM_Praesentation_EMR-Studie_Anlage.pdf\" class=\"mtli_attachment mtli_pdf\" target=\"_blank\" rel=\"noopener\"><strong>finden Sie hier<\/strong><\/a>.<\/p>\n<p>Weitere Informationen finden Sie auf der<a href=\"https:\/\/www.tlm.de\/infothek\/publikationen\/tlm-schriftenreihe\/\" target=\"_blank\" rel=\"noopener\"><strong> Webseite der TLM<\/strong><\/a>.<\/p>\n","protected":false},"excerpt":{"rendered":"<p>Das Gutachten &#8220;Aktive Sicherung lokaler und regionaler Medienvielfalt&#8221;, das das EMR im Auftrag der Th\u00fcringer Landesmedienanstalt und der Th\u00fcringer Staatskanzlei erstellt hat, wurde als 25. Band der Schriftenreihe der TLM ver\u00f6ffentlicht.\u00a0 Lokalen und regionalen Medien kommt in einer demokratischen Gesellschaft eine besondere Rolle zu: Sie sind f\u00fcr die individuelle und \u00f6ffentliche Meinungs- und Willensbildung vor [&hellip;]<\/p>\n","protected":false},"author":4,"featured_media":4834,"comment_status":"closed","ping_status":"open","sticky":false,"template":"","format":"standard","meta":{"_et_pb_use_builder":"","_et_pb_old_content":"","_et_gb_content_width":"","footnotes":""},"categories":[224,3,24,387,216,218,220,221,223],"tags":[],"class_list":["post-4833","post","type-post","status-publish","format-standard","has-post-thumbnail","hentry","category-nachrichten","category-aktuelle-meldung","category-av-mediendienste","category-gutachten","category-kultur-und-filmfoerderung","category-presserecht","category-rundfunkrecht","category-telemedienrecht","category-wettbewerbs-und-kartellrecht","et-has-post-format-content","et_post_format-et-post-format-standard"],"translation":{"provider":"WPGlobus","version":"3.0.2","language":"gb","enabled_languages":["de","fr","gb"],"languages":{"de":{"title":true,"content":true,"excerpt":false},"fr":{"title":false,"content":false,"excerpt":false},"gb":{"title":false,"content":false,"excerpt":false}}},"_links":{"self":[{"href":"https:\/\/emr-sb.de\/gb\/wp-json\/wp\/v2\/posts\/4833","targetHints":{"allow":["GET"]}}],"collection":[{"href":"https:\/\/emr-sb.de\/gb\/wp-json\/wp\/v2\/posts"}],"about":[{"href":"https:\/\/emr-sb.de\/gb\/wp-json\/wp\/v2\/types\/post"}],"author":[{"embeddable":true,"href":"https:\/\/emr-sb.de\/gb\/wp-json\/wp\/v2\/users\/4"}],"replies":[{"embeddable":true,"href":"https:\/\/emr-sb.de\/gb\/wp-json\/wp\/v2\/comments?post=4833"}],"version-history":[{"count":2,"href":"https:\/\/emr-sb.de\/gb\/wp-json\/wp\/v2\/posts\/4833\/revisions"}],"predecessor-version":[{"id":4836,"href":"https:\/\/emr-sb.de\/gb\/wp-json\/wp\/v2\/posts\/4833\/revisions\/4836"}],"wp:featuredmedia":[{"embeddable":true,"href":"https:\/\/emr-sb.de\/gb\/wp-json\/wp\/v2\/media\/4834"}],"wp:attachment":[{"href":"https:\/\/emr-sb.de\/gb\/wp-json\/wp\/v2\/media?parent=4833"}],"wp:term":[{"taxonomy":"category","embeddable":true,"href":"https:\/\/emr-sb.de\/gb\/wp-json\/wp\/v2\/categories?post=4833"},{"taxonomy":"post_tag","embeddable":true,"href":"https:\/\/emr-sb.de\/gb\/wp-json\/wp\/v2\/tags?post=4833"}],"curies":[{"name":"wp","href":"https:\/\/api.w.org\/{rel}","templated":true}]}}