{"id":5077,"date":"2020-01-16T20:57:12","date_gmt":"2020-01-16T19:57:12","guid":{"rendered":"https:\/\/emr-sb.de\/?p=5077"},"modified":"2020-01-16T20:59:09","modified_gmt":"2020-01-16T19:59:09","slug":"imk-2020-1","status":"publish","type":"post","link":"https:\/\/emr-sb.de\/gb\/imk-2020-1\/","title":{"rendered":"IMK: Der Landesbeauftragte f\u00fcr den Datenschutz Rheinland-Pfalz zu &#8220;Strukturfragen des Datenschutzes&#8221;"},"content":{"rendered":"<p>Prof. Dr. Dieter Kugelmann, der Landesbeauftragte f\u00fcr den Datenschutz und die Informationsfreiheit Rheinland-Pfalz, referierte heute im Rahmen der ersten Veranstaltung der Reihe des Informations- und Medienrechtlichen Kolloquiums Saarbr\u00fccken im Jahr 2020 zum Thema \u201eStrukturfragen des Datenschutzes\u201c. In diesem Rahmen veranschaulichte er die verschiedenen Bereiche aus Wirtschaft und Gesellschaft, in denen der Datenschutz im Lichte von Digitalisierung und Globalisierung seine Ankn\u00fcpfungspunkte findet.<\/p>\n<p>Prof. Dr. Kugelmann identifizierte dabei insbesondere vier gro\u00dfe Themenbereiche, die den Datenschutz zur Zeit als Strukturelement fordern: Arbeit, Mobilit\u00e4t, Gesundheit und Sicherheit. Ein bereichs\u00fcbergreifendes Thema von enormer Relevanz sei dabei auch die K\u00fcnstliche Intelligenz, die \u2013 auch in den genannten Bereichen \u2013 datenschutzrechtliche L\u00f6sungen verlange. Hier m\u00fcsse ein Ausgleich zwischen Wirtschaft und Innovation einerseits und Datenschutz andererseits gefunden werden. Und wenn im Einzelfall die Innovation zur\u00fcckstehen m\u00fcsse, weil Prozesse auf keinem denkbaren\u00a0Wege zu einer datenschutzrechtlichen Vereinbarkeit zu f\u00fchren seien, dann sei das der Preis, der f\u00fcr die Wahrung unserer demokratischen Grunds\u00e4tze und Grundrechte notwendigerweise zu zahlen sei. Rechtsfragen, die im Bereich KI vor allem eine Rolle spielen, seien die Vereinbarkeit des Grundsatzes der Datenminimierung mit der Erhebung von Daten f\u00fcr das Trainieren von Algorithmen, Fragen der Verantwortlichkeit f\u00fcr die Verarbeitungsprozesse, die Zweckbestimmung, Transparenzfragen, die Anonymisierung und Pseudonymisierung von Daten sowie die M\u00f6glichkeit der Durchf\u00fchrung und Ergebnisse von Datenschutzfolgeabsch\u00e4tzungen.<\/p>\n<p>Gefundene L\u00f6sungen k\u00f6nnten dann der Rechtsdurchsetzung zugef\u00fchrt werden, die in einem internationalen Blickwinkel zu betrachten sei. Politisches Kernziel bei der Einf\u00fchrung der DS-GVO sei gewesen, das Vollzugsdefizit zu vermindern. Daher seien die Rolle und Ausstattung der Datenschutzbeh\u00f6rden weitgehend bereits auf europ\u00e4ischer Ebene harmonisiert worden, auch, um die Umgehung von Regeln etwa durch das sog. \u201eforum shopping\u201c zu vermeiden. Daher m\u00fcsse auch in Zukunft ein europ\u00e4ischer Weg gegangen werden, der vor allem auf einer engen Kooperation der Datenschutzbeh\u00f6rden in der EU gr\u00fcnde. Denn Datenschutz, so Prof. Dr. Kugelmann in seinem Fazit, idt Daueraufgabe mit gesellschaftlicher Funktion<\/p>\n<p>In der sich an den Vortrag anschlie\u00dfenden Diskussion mit den H\u00f6rern wurde insbesondere das Thema KI im Zusammenhang mit privacy by design und by default vertieft.<\/p>\n<p>&nbsp;<\/p>\n<p><em>Das Informations- und Medienrechtliche Kolloquium Saarbr\u00fccken (IMK) versteht sich seit seiner Gr\u00fcndung im Jahr 2014 als ein Forum f\u00fcr Studierende, Wissenschaftlerinnen und Wissenschaftler, in der Praxis t\u00e4tige Juristinnen und Juristen und interessierte B\u00fcrgerinnen und B\u00fcrger. Die Vortragenden sind namhafte Juristinnen und Juristen, aber auch Vertreter anderer Disziplinen. Als Veranstalter fungieren die Rechtswissenschaftliche Fakult\u00e4t der Universit\u00e4t des Saarlandes und das Institut f\u00fcr Europ\u00e4isches Medienrecht e.V. Das Kolloquium geh\u00f6rt auch zu den beiden Schwerpunktbereichen &#8220;Deutsches und internationales Informations- und Medienrecht&#8221; sowie &#8220;IT-Recht und Rechtsinformatik&#8221; der Rechtswissenschaftlichen Fakult\u00e4t.<\/em><\/p>\n","protected":false},"excerpt":{"rendered":"<p>Prof. Dr. Dieter Kugelmann, der Landesbeauftragte f\u00fcr den Datenschutz und die Informationsfreiheit Rheinland-Pfalz, referierte heute im Rahmen der ersten Veranstaltung der Reihe des Informations- und Medienrechtlichen Kolloquiums Saarbr\u00fccken im Jahr 2020 zum Thema \u201eStrukturfragen des Datenschutzes\u201c. In diesem Rahmen veranschaulichte er die verschiedenen Bereiche aus Wirtschaft und Gesellschaft, in denen der Datenschutz im Lichte von [&hellip;]<\/p>\n","protected":false},"author":4,"featured_media":5078,"comment_status":"closed","ping_status":"open","sticky":false,"template":"","format":"standard","meta":{"_et_pb_use_builder":"","_et_pb_old_content":"","_et_gb_content_width":"","footnotes":""},"categories":[3,1,23,21],"tags":[],"class_list":["post-5077","post","type-post","status-publish","format-standard","has-post-thumbnail","hentry","category-aktuelle-meldung","category-aktuelles","category-datenschutz","category-tagungsbericht","et-has-post-format-content","et_post_format-et-post-format-standard"],"translation":{"provider":"WPGlobus","version":"3.0.2","language":"gb","enabled_languages":["de","fr","gb"],"languages":{"de":{"title":true,"content":true,"excerpt":false},"fr":{"title":false,"content":false,"excerpt":false},"gb":{"title":false,"content":false,"excerpt":false}}},"_links":{"self":[{"href":"https:\/\/emr-sb.de\/gb\/wp-json\/wp\/v2\/posts\/5077","targetHints":{"allow":["GET"]}}],"collection":[{"href":"https:\/\/emr-sb.de\/gb\/wp-json\/wp\/v2\/posts"}],"about":[{"href":"https:\/\/emr-sb.de\/gb\/wp-json\/wp\/v2\/types\/post"}],"author":[{"embeddable":true,"href":"https:\/\/emr-sb.de\/gb\/wp-json\/wp\/v2\/users\/4"}],"replies":[{"embeddable":true,"href":"https:\/\/emr-sb.de\/gb\/wp-json\/wp\/v2\/comments?post=5077"}],"version-history":[{"count":3,"href":"https:\/\/emr-sb.de\/gb\/wp-json\/wp\/v2\/posts\/5077\/revisions"}],"predecessor-version":[{"id":5081,"href":"https:\/\/emr-sb.de\/gb\/wp-json\/wp\/v2\/posts\/5077\/revisions\/5081"}],"wp:featuredmedia":[{"embeddable":true,"href":"https:\/\/emr-sb.de\/gb\/wp-json\/wp\/v2\/media\/5078"}],"wp:attachment":[{"href":"https:\/\/emr-sb.de\/gb\/wp-json\/wp\/v2\/media?parent=5077"}],"wp:term":[{"taxonomy":"category","embeddable":true,"href":"https:\/\/emr-sb.de\/gb\/wp-json\/wp\/v2\/categories?post=5077"},{"taxonomy":"post_tag","embeddable":true,"href":"https:\/\/emr-sb.de\/gb\/wp-json\/wp\/v2\/tags?post=5077"}],"curies":[{"name":"wp","href":"https:\/\/api.w.org\/{rel}","templated":true}]}}