{"id":5099,"date":"2020-02-05T12:31:31","date_gmt":"2020-02-05T11:31:31","guid":{"rendered":"https:\/\/emr-sb.de\/?p=5099"},"modified":"2022-09-29T14:03:36","modified_gmt":"2022-09-29T12:03:36","slug":"iris-spezial-zu-selbst-und-ko-regulierung-in-der-neuen-avmd-richtlinie-veroeffentlicht","status":"publish","type":"post","link":"https:\/\/emr-sb.de\/gb\/iris-spezial-zu-selbst-und-ko-regulierung-in-der-neuen-avmd-richtlinie-veroeffentlicht\/","title":{"rendered":"IRIS Spezial zu Selbst- und Ko-Regulierung in der neuen AVMD-Richtlinie ver\u00f6ffentlicht"},"content":{"rendered":"<p>Mit der Richtlinie 2018\/1808\/EG wurden die Bestimmungen \u00fcber audiovisuelle Mediendienste (urspr\u00fcnglich auf das Fernsehen beschr\u00e4nkt) zum dritten Mal ge\u00e4ndert. Die Mechanismen der Selbst- und Co-Regulierung stehen dabei an verschiedenen Stellen im Fokus. Der neue Art. 4a Absatz 1 stellt als allgemeines Bekenntnis zur Selbst- und Co-Regulierung fest, dass die Mitgliedstaaten die Anwendung der Co-Regulierung und die F\u00f6rderung der Selbstregulierung durch Verhaltenskodizes f\u00f6rdern, die auf nationaler Ebene in den durch diese Richtlinie koordinierten Bereichen angenommen werden, soweit dies nach ihren Rechtsordnungen zul\u00e4ssig ist. Im Einzelnen ist die Umsetzung eines solchen Mechanismus unter anderem im Bereich des Jugendschutzes und der audiovisuellen kommerziellen Kommunikation vorgesehen. Dies gilt nicht nur f\u00fcr &#8220;klassische&#8221; Anbieter linearer audiovisueller Mediendienste, die noch in den Anf\u00e4ngen der Richtlinie angesprochen wurden, sondern auch f\u00fcr nichtlineare Mediendiensteanbieter, insbesondere Video-Sharing-Plattformen, die durch die Richtlinie 2018\/1808\/EG st\u00e4rker in die Pflicht genommen werden.<\/p>\n<p>Obwohl Selbst- und Co-Regulierungsmechanismen auf nationaler Ebene grunds\u00e4tzlich nicht neu sind, wird die Umsetzung europ\u00e4ischer Anforderungen die nationalen Gesetzgeber (und Regulierungsbeh\u00f6rden) vor Herausforderungen stellen. Vor diesem Hintergrund hat das Institut f\u00fcr Europ\u00e4isches Medienrecht (EMR), in Zusammenarbeit mit der Europ\u00e4ischen Audiovisuellen Informationsstelle (EAI), bestehende und sich entwickelnde Selbst- und Ko-Regulierungssysteme in der Europ\u00e4ischen Union untersucht. Der Bericht bietet dabei individuelle Profilberichte aus acht verschiedenen europ\u00e4ischen L\u00e4ndern: \u00d6sterreich, Belgien, Deutschland, Frankreich, Ungarn, Italien, Polen und Slowakei und geht insbesondere auf Aspekte der Selbst- und Ko-Regulierung in der Werbung, im Bereich des Jugendschutzes, sowie im Bereich der Video-Sharing-Plattformen ein.<\/p>\n<p>&nbsp;<\/p>\n<p>Die Publikation ist abrufbar unter:<\/p>\n<p><a href=\"https:\/\/rm.coe.int\/iris-special-2019-2-selbst-und-ko-regulierung-in-der-neuen-avmd-richtl\/1680992dc4\">https:\/\/rm.coe.int\/iris-special-2019-2-selbst-und-ko-regulierung-in-der-neuen-avmd-richtl\/1680992dc4<\/a><\/p>\n","protected":false},"excerpt":{"rendered":"<p>Mit der Richtlinie 2018\/1808\/EG wurden die Bestimmungen \u00fcber audiovisuelle Mediendienste (urspr\u00fcnglich auf das Fernsehen beschr\u00e4nkt) zum dritten Mal ge\u00e4ndert. Die Mechanismen der Selbst- und Co-Regulierung stehen dabei an verschiedenen Stellen im Fokus. Der neue Art. 4a Absatz 1 stellt als allgemeines Bekenntnis zur Selbst- und Co-Regulierung fest, dass die Mitgliedstaaten die Anwendung der Co-Regulierung und [&hellip;]<\/p>\n","protected":false},"author":1,"featured_media":5100,"comment_status":"closed","ping_status":"open","sticky":false,"template":"","format":"standard","meta":{"_et_pb_use_builder":"","_et_pb_old_content":"","_et_gb_content_width":"","footnotes":""},"categories":[3,1,24,388],"tags":[],"class_list":["post-5099","post","type-post","status-publish","format-standard","has-post-thumbnail","hentry","category-aktuelle-meldung","category-aktuelles","category-av-mediendienste","category-iris","et-has-post-format-content","et_post_format-et-post-format-standard"],"translation":{"provider":"WPGlobus","version":"3.0.2","language":"gb","enabled_languages":["de","fr","gb"],"languages":{"de":{"title":true,"content":true,"excerpt":false},"fr":{"title":false,"content":false,"excerpt":false},"gb":{"title":false,"content":false,"excerpt":false}}},"_links":{"self":[{"href":"https:\/\/emr-sb.de\/gb\/wp-json\/wp\/v2\/posts\/5099","targetHints":{"allow":["GET"]}}],"collection":[{"href":"https:\/\/emr-sb.de\/gb\/wp-json\/wp\/v2\/posts"}],"about":[{"href":"https:\/\/emr-sb.de\/gb\/wp-json\/wp\/v2\/types\/post"}],"author":[{"embeddable":true,"href":"https:\/\/emr-sb.de\/gb\/wp-json\/wp\/v2\/users\/1"}],"replies":[{"embeddable":true,"href":"https:\/\/emr-sb.de\/gb\/wp-json\/wp\/v2\/comments?post=5099"}],"version-history":[{"count":1,"href":"https:\/\/emr-sb.de\/gb\/wp-json\/wp\/v2\/posts\/5099\/revisions"}],"predecessor-version":[{"id":5101,"href":"https:\/\/emr-sb.de\/gb\/wp-json\/wp\/v2\/posts\/5099\/revisions\/5101"}],"wp:featuredmedia":[{"embeddable":true,"href":"https:\/\/emr-sb.de\/gb\/wp-json\/wp\/v2\/media\/5100"}],"wp:attachment":[{"href":"https:\/\/emr-sb.de\/gb\/wp-json\/wp\/v2\/media?parent=5099"}],"wp:term":[{"taxonomy":"category","embeddable":true,"href":"https:\/\/emr-sb.de\/gb\/wp-json\/wp\/v2\/categories?post=5099"},{"taxonomy":"post_tag","embeddable":true,"href":"https:\/\/emr-sb.de\/gb\/wp-json\/wp\/v2\/tags?post=5099"}],"curies":[{"name":"wp","href":"https:\/\/api.w.org\/{rel}","templated":true}]}}