{"id":5397,"date":"2020-10-28T14:49:11","date_gmt":"2020-10-28T13:49:11","guid":{"rendered":"http:\/\/emr-sb.de\/?p=5397"},"modified":"2020-11-23T09:24:30","modified_gmt":"2020-11-23T08:24:30","slug":"urhr2020","status":"publish","type":"post","link":"https:\/\/emr-sb.de\/gb\/urhr2020\/","title":{"rendered":"Online-Seminarreihe zur Novelle des Urheberrechts"},"content":{"rendered":"<div class='et-box et-shadow'>\n\t\t\t\t\t<div class='et-box-content'>Bitte melden Sie sich <strong>f\u00fcr jeden Teil<\/strong> der Seminarreihe <strong>gesondert<\/strong> an:<\/p>\n<p>09.11.2020, 14.00-15.00 Uhr: <strong>Was steht zur Novellierung an?<\/strong><\/p>\n<p><span style=\"color: #0000ff;\"><a style=\"color: #0000ff;\" href=\"https:\/\/attendee.gotowebinar.com\/register\/8750871619045167375\" target=\"_blank\" rel=\"noopener\">HIER GEHT&#8217;S ZUR ANMELDUNG<\/a><\/span><\/p>\n<p>18.11.2020, 15.00-16.00 Uhr:<strong> Verantwortlichkeit der Diensteanbieter <\/strong><\/p>\n<p><span style=\"color: #0000ff;\"><a style=\"color: #0000ff;\" href=\"https:\/\/attendee.gotowebinar.com\/register\/2539169682803729167\" target=\"_blank\" rel=\"noopener\">HIER GEHT&#8217;S ZUR ANMELDUNG<\/a><\/span><\/p>\n<p>23.11.2020, 10.00-11.00 Uhr: <strong>Leistungsschutzrecht der Presseverlage<\/strong><\/p>\n<p><span style=\"color: #0000ff;\"><a style=\"color: #0000ff;\" href=\"https:\/\/attendee.gotowebinar.com\/register\/5350712174514912526\" target=\"_blank\" rel=\"noopener\">HIER GEHT&#8217;S ZUR ANMELDUNG\u00a0<\/a><\/span><\/p>\n<p>26.11.2020, 10.00-11.00 Uhr: <strong>Urhebervertragsrecht<\/strong>\u00a0<\/p>\n<p><span style=\"color: #0000ff;\"><a style=\"color: #0000ff;\" href=\"https:\/\/attendee.gotowebinar.com\/register\/8845507684354752783\" target=\"_blank\" rel=\"noopener\">HIER GEHT&#8217;S ZUR ANMELDUNG<\/a><\/span><\/div><\/div>\n<p>&nbsp;<\/p>\n<p>Am 13. Oktober 2020 hat das Bundesministerium der Justiz und f\u00fcr Verbraucherschutz (BMJV) den \u2013 noch nicht mit den \u00fcbrigen Ressorts abgestimmten \u2013 <span style=\"text-decoration: underline; color: #0000ff;\"><a style=\"color: #0000ff;\" href=\"https:\/\/www.bmjv.de\/SharedDocs\/Gesetzgebungsverfahren\/Dokumente\/RefE_Urheberrecht.pdf;jsessionid=05C181D7566DACAEA6EAB421B8A1877B.1_cid334?__blob=publicationFile&amp;v=7\" target=\"_blank\" rel=\"noopener\">Referentenentwurf eines Gesetzes zur Anpassung des Urheberrechts an die Erfordernisse des digitalen Binnenmarktes<\/a> <\/span>vorgelegt.<\/p>\n<p>Der Gesetzesentwurf dient der Umsetzung der <a href=\"https:\/\/eur-lex.europa.eu\/legal-content\/DE\/TXT\/?uri=CELEX%3A32019L0790\">Richtlinie (EU) 2019\/790<\/a> vom 17. April 2019 \u00fcber das Urheberrecht und die verwandten Schutzrechte im digitalen Binnenmarkt (DSM-RL) und der <a href=\"https:\/\/eur-lex.europa.eu\/legal-content\/DE\/TXT\/?uri=CELEX%3A32019L0789\">Richtlinie (EU) 2019\/789<\/a> vom 17. April 2019 mit Vorschriften f\u00fcr die Aus\u00fcbung von Urheberrechten und verwandten Schutzrechten in Bezug auf bestimmte Online-\u00dcbertragungen von Sendeunternehmen und die Weiterverbreitung von Fernseh- und H\u00f6rfunkprogrammen (Online-SatCab-RL). Au\u00dferdem reagiert der Entwurf auf die Entscheidungen des Europ\u00e4ischen Gerichtshofs in der Rechtssache Pelham (\u201eMetall auf Metall\u201c) vom 29. Juli 2019 (C\u2010476\/17, Rn. 56 ff.), wonach die Bestimmung des \u00a7\u00a024 UrhG a. F. mit dem Unionsrecht nicht vereinbar sei.<\/p>\n<p>Das ist ein umfangreiches Paket. In der Diskussion in Deutschland werden dabei drei Themen besonders diskutiert, n\u00e4mlich das Leistungsschutzrecht der Presseverleger, die Verantwortlichkeit der Diensteanbieter und das Urhebervertragsrecht. Das EMR will in einer Reihe von Online-Seminaren diese Themen behandeln.<\/p>\n<p>Angesprochen sind nicht nur Juristen in den einzelnen H\u00e4usern, sondern auch Kreative, die Inhalte erstellen, sowie die Programmleitungen und Gesch\u00e4ftsf\u00fchrungen. Das Online-Format ist bewusst kein juristisches Symposium, mit denen das EMR sonst Gesetzesvorhaben dieser Art begleitet. Die Online-Veranstaltungen wollen zu den einzelnen Themen die wesentlichen Diskussionspunkte und die unterschiedlichen Standpunkte offenlegen.<\/p>\n<p>In vier Online-Seminaren von je etwa einer Stunde geht es also um eine Einf\u00fchrung und dann jeweils um einen inhaltlichen Schwerpunkt.<\/p>\n<h2 style=\"text-align: center;\"><strong>Was steht zur Novellierung an?<\/strong><\/h2>\n<p style=\"text-align: center;\"><strong>Montag, 9. November 2020, 14:00 Uhr bis ca. 15:00 Uhr<\/strong><\/p>\n<p>Die Verantwortlichkeit von Content-Sharing-Plattformen war in der europ\u00e4ischen Diskussion ein emotional besetztes Thema. Es soll national in ein eigenes \u201eUrheberrechts-Diensteanbieter-Gesetz\u201c \u00fcberf\u00fchrt werden. Das Leistungsschutzrecht der Presseverleger, Text und Data-Mining sowie die Verlegerbeteiligung im Verwertungsgesellschaftengesetz sind weitere Themen. Regelungen \u00fcber kollektive Lizenzen mit erweiterter Wirkung sollen als ein neues Rechtsinstrument eingef\u00fchrt werden. Das Webinar will die ganze Bandbreite der \u00c4nderungen vorstellen.<\/p>\n<p>W\u00e4hrend der nationale Gesetzgeber das Urheberrechtsgesetz den j\u00fcngsten europ\u00e4ischen Vorgaben anpasst, geht es auf europ\u00e4ischer Ebene um weitere Aspekte digitaler Angebote, die in das Urheberrecht einstrahlen k\u00f6nnen. Wie das Urheberrecht 2030 aussehen soll, wird in einem Memorandum behandelt, das ebenfalls vorgestellt wird \u2013 das EMR war bei der Abfassung beteiligt.<\/p>\n<p><strong>Sachstandsbericht aus dem BMJV \u2013 der Referentenentwurf zur UrhR-Novelle<\/strong><br \/>\n<em>Matthias Schmid<\/em>, Leiter des Referats III B 3<\/p>\n<p><strong>Weitere Entwicklung in der EU nach der DSM-RL: Digital Services Act und Haftungsprivileg<br \/>\n<\/strong><em>Prof. Dr. Mark D. Cole<\/em>, Universit\u00e4t Luxemburg, Wissenschaftlicher Direktor des EMR<\/p>\n<p><strong>Fortentwicklung des Urheberrechts \u2013 Urheberrecht 2030<br \/>\n<\/strong><em>Prof. Dr. Katharina de la Durantaye<\/em>, Europa-Universit\u00e4t Viadrina Frankfurt (Oder)<\/p>\n<p><strong>Moderation<\/strong>: <em>Prof. Dr. Stephan Ory<\/em>, Direktor des Instituts f\u00fcr Europ\u00e4isches Medienrecht (EMR)<\/p>\n<p><strong>\u00a0<span style=\"color: #0000ff;\"><a style=\"color: #0000ff;\" href=\"https:\/\/attendee.gotowebinar.com\/register\/8750871619045167375\" target=\"_blank\" rel=\"noopener\">HIER GEHT&#8217;S ZUR ANMELDUNG<\/a><\/span><\/strong><\/p>\n<h2 style=\"text-align: center;\"><strong>Verantwortlichkeit der Diensteanbieter<\/strong><\/h2>\n<p style=\"text-align: center;\"><strong>Mittwoch, 18. November 2020, 15:00 Uhr bis ca. 16:00 Uhr<\/strong><\/p>\n<p>\u201eArt. 13\u201c war bei der Debatte um die DSM-RL geradezu ein Schlachtruf. Bekanntlich wurde daraus Art. 17 DSM-RL, in dem es um die urheberrechtliche Verantwortlichkeit von \u201eDiensteanbieter f\u00fcr das Teilen von Online-Inhalten\u201c f\u00fcr die von ihren Nutzern hochgeladenen Inhalte geht. In deutsches Recht ist umzusetzen, wie Plattformen Lizenzen erwerben und sich durch die Einhaltung konkret geregelter Sorgfaltspflichten von ihrer Haftung befreien (k\u00f6nnen) \u2013 hier spielte die Diskussion um Uploadfilter eine Rolle. Plattformen m\u00fcssen auf Hinweise von Rechtsinhabern reagieren, w\u00e4hrend umgekehrt die Interessen der Nutzer und deren erlaubte Nutzungen weiterhin m\u00f6glich sein m\u00fcssen. Bagatellnutzungen sollen bei User Generated Content erlaubt sein. Verg\u00fctungsfragen sind zu regeln. All das ist Gegenstand eines neuen Urheberrechts-Diensteanbieter-Gesetzes (UrhDaG), das der Referentenentwurf vorschl\u00e4gt<\/p>\n<p><strong>Einf\u00fchrung<br \/>\n<\/strong><em>Prof. Dr. Michael Gr\u00fcnberger<\/em>, Universit\u00e4t Bayreuth, Gesch\u00e4ftsf\u00fchrender Direktor des Instituts f\u00fcr Urheber- und Medienrecht<\/p>\n<p><strong>Sichtweise der Rechtsinhaber<br \/>\n<\/strong><em>Ren\u00e9 Houareau<\/em>, Gesch\u00e4ftsf\u00fchrer Recht &amp; Politik des Bundesverbandes Musikindustrie e. V.<\/p>\n<p><strong>Sichtweise der Plattformen<br \/>\n<\/strong><em>Sabine Frank<\/em>, Leiterin Government Affaires und Public Policy f\u00fcr YouTube DACH\/CEE<\/p>\n<p><strong>Sichtweise der Verbraucher<br \/>\n<\/strong><em>Prof. Dr. Louisa Specht-Riemenschneider<\/em>, Lehrstuhl f\u00fcr B\u00fcrgerliches Recht, Daten- und Informationsrecht an der Rheinische Friedrich-Wilhelms-Universit\u00e4t Bonn<\/p>\n<p><strong>\u00a0<span style=\"color: #0000ff;\"><a style=\"color: #0000ff;\" href=\"https:\/\/attendee.gotowebinar.com\/register\/2539169682803729167\" target=\"_blank\" rel=\"noopener\">HIER GEHT&#8217;S ZUR ANMELDUNG<\/a><\/span><\/strong><\/p>\n<p><strong>Moderation<\/strong>: <em>Prof. Dr. Stephan Ory<\/em>, Direktor des Instituts f\u00fcr Europ\u00e4isches Medienrecht (EMR)<\/p>\n<h2 style=\"text-align: center;\"><strong>Leistungsschutzrecht der Presseverlage<\/strong><\/h2>\n<p style=\"text-align: center;\"><strong>Montag, 23. November 2020, 10:00 Uhr bis ca. 11:00 Uhr<\/strong><\/p>\n<p>Die elektronische Presse sieht ihre Investitionen durch Suchmaschinen entwertet, wenn der Informationsbedarf der Nutzer bereits dort durch die Anzeige dessen, was von den Websites der Verlage \u00fcbernommen wird, gedeckt wird. Die Suchmaschinenbetreiber ihrerseits verweisen darauf, dass der Traffic auch auf den Seiten der elektronischen Presse im gro\u00dfen Umfang von ihnen herr\u00fchrt, die Verlage also profitieren. Die Journalisten wiederum verweisen darauf, dass Verg\u00fctungen auch ihnen zustehen m\u00fcssten, denn sie verfassten die Inhalte. Bereits das Leistungsschutzrecht der Presse im deutschen Urheberrechtsgesetz versuchte hier den Ausgleich, wurde aber vom EuGH (Rs. C-299\/17) aus formalen Gr\u00fcnden f\u00fcr nicht anwendbar erkl\u00e4rt. Die DSM-RL verankert das Leistungsschutzrecht f\u00fcr Presseverlage nun auf europ\u00e4ischer Ebene, der Novellierungsentwurf sieht eine Neuregelung im deutschen Recht vor.<\/p>\n<p><strong>Einf\u00fchrung<br \/>\n<\/strong><em>Prof. Dr. Malte Stieper<\/em>, Gundling-Professur f\u00fcr B\u00fcrgerliches Recht, Recht des geistigen Eigentums und Wettbewerbsrecht, Martin-Luther-Universit\u00e4t Halle-Wittenberg<\/p>\n<p><strong>Position der Presse<br \/>\n<\/strong><em>Valdo Lehari jun.<\/em>, Verleger, Reutlinger General-Anzeiger<\/p>\n<p><strong>Position von Google als Suchmaschinenbetreiber<br \/>\n<\/strong><em>Dr. Georg Nolte<\/em>, Senior Legal Counsel (Litigation, Copyright), Google<\/p>\n<p><strong>Position der Journalisten<br \/>\n<\/strong><i>Stefan Endter,<\/i>\u00a0Gesch\u00e4ftsf\u00fchrer Deutscher Journalisten-Verband<\/p>\n<p><strong><span style=\"color: #0000ff;\"><a style=\"color: #0000ff;\" href=\"https:\/\/attendee.gotowebinar.com\/register\/5350712174514912526\" target=\"_blank\" rel=\"noopener\">HIER GEHT&#8217;S ZUR ANMELDUNG\u00a0<\/a><\/span><\/strong><\/p>\n<p><strong>Moderation<\/strong>: <em>Prof. Dr. Stephan Ory<\/em>, Direktor des Instituts f\u00fcr Europ\u00e4isches Medienrecht (EMR)<\/p>\n<h2 style=\"text-align: center;\"><strong>Urhebervertragsrecht<\/strong><\/h2>\n<p style=\"text-align: center;\"><strong>Donnerstag, 26. November 2020, 10:00 Uhr bis ca. 11:00 Uhr<\/strong><\/p>\n<p>Es ist inzwischen knapp 20 Jahre her, dass in Deutschland das Urhebervertragsrecht gestaltet wurde, die letzte Novelle stammt aus dem Jahr 2017. Kernst\u00fcck ist der Anspruch auf angemessene Verg\u00fctung der Kreativen, auf den nicht vorab verzichtet werden kann. Kollektiv bestimmbare Regeln zur Angemessenheit sind in gemeinsamen Verg\u00fctungsregeln m\u00f6glich. F\u00fcr viele andere europ\u00e4ische L\u00e4nder gibt die DSM-RL erstmals derartige Regelungen vor. Das deutsche Recht wird in einigen aus Sicht der Praktiker wichtigen Punkte angepasst. Der Auskunftsanspruch der Kreativen soll in eine Transparenzpflicht der Verwerter umgewandelt werden, die durch den Grundsatz der Verh\u00e4ltnism\u00e4\u00dfigkeit begrenzt wird. Details sind umstritten. Die Verb\u00e4nde der Kreativen sollen diese Verpflichtungen im Wege des Verbandsklagerechts durchsetzen k\u00f6nnen, was den Klagem\u00f6glichkeiten von Verbrauchverb\u00e4nden im Wettbewerbsrecht nachempfunden ist. Der Referentenentwurf will Pauschalvereinbarungen weiter zur\u00fcckdr\u00e4ngen, um die angemessene Verg\u00fctung entsprechend dem Beteiligungsgrundsatz des Urhebers an der Verwertung seines Werks zu st\u00e4rken.<\/p>\n<p><strong>Einf\u00fchrung<br \/>\n<\/strong><em>Prof. Dr. Stephan Ory<\/em>, Direktor des Instituts f\u00fcr Europ\u00e4isches Medienrecht<\/p>\n<p><strong>Sichtweise der Kreativen<br \/>\n<\/strong><em>Prof. Dr. Karl-Nikolaus Peifer<\/em>, Institut f\u00fcr Medienrecht und Kommunikationsrecht an der Universit\u00e4t zu K\u00f6ln<\/p>\n<p><strong>Sichtweise der AV-Medien<br \/>\n<\/strong><em>Dr. Carrie Krogmann<\/em>, Justitariat des ZDF<\/p>\n<p><strong>Sichtweise der Presse<br \/>\n<\/strong><em>Helmut Verdenhalven<\/em>, Mitglied der Gesch\u00e4ftsleitung des Bundesverbandes Digitalpublisher und Zeitungsverleger e.V.<\/p>\n<p><strong><span style=\"color: #0000ff;\"><a style=\"color: #0000ff;\" href=\"https:\/\/attendee.gotowebinar.com\/register\/8845507684354752783\" target=\"_blank\" rel=\"noopener\">HIER GEHT&#8217;S ZUR ANMELDUNG<\/a><\/span><\/strong><\/p>\n<p><strong>Moderation<\/strong>: <em>Prof. Dr. Stephan Ory<\/em>, Direktor des Instituts f\u00fcr Europ\u00e4isches Medienrecht (EMR)<\/p>\n<p>&nbsp;<\/p>\n<div class='et-box et-shadow'>\n\t\t\t\t\t<div class='et-box-content'><em><span style=\"text-decoration: underline;\"><span style=\"font-size: 10pt;\">Datenschutzhinweise f\u00fcr Online-Seminare mit GoToWebinar<\/span><\/span><\/em><\/p>\n<p><em><span style=\"font-size: 10pt;\">Zur Durchf\u00fchrung der Online-Seminar nutzen wir die Softwareanwendung \u201eGoToWebinar\u201c . Bereitgestellt wird dieser Dienst von der Firma LogMeIn, Inc.. N\u00e4here Informationen zum Datenschutz von LogMeIn unter: <a href=\"https:\/\/www.logmeininc.com\/de\/legal\/privacy\">https:\/\/www.logmeininc.com\/de\/legal\/privacy<\/a>.\n<\/span><\/em><em><span style=\"font-size: 10pt;\">Bei der Anmeldung zum Webinar werden von Ihnen folgende Daten abgefragt: Vorname, Name, E-Mail-Adresse. Diese Informationen werden an den Server LogMeIn \u00fcbermittelt, die diese Daten im Auftrag des EMR verarbeiten. Die Informationen dienen dem Zweck, den Zugangslink zum Webinar sowie Erinnerungs-Emails f\u00fcr den Termin des Webinars an den Teilnehmer zu versenden sowie einen Status der Anmeldungszahlen zu erhalten, die f\u00fcr das EMR einsehbar sind.\n<\/span><\/em><em><span style=\"font-size: 10pt;\">Die Verbindung zur Online-Seminar-Session selbst ist verschl\u00fcsselt. Das GoToWebinar System speichert folgende zus\u00e4tzliche Informationen des Teilnehmers:\n<\/span><\/em><\/p>\n<ul>\n<li><em><span style=\"font-size: 10pt;\">Anmeldedatum und \u2013zeit<\/span><\/em><\/li>\n<li><em><span style=\"font-size: 10pt;\">Teilnahmebeginn und -ende<\/span><\/em><\/li>\n<li><em><span style=\"font-size: 10pt;\">Innerhalb der Webinarplattform eingestellte Fragen<\/span><\/em><\/li>\n<li><em><span style=\"font-size: 10pt;\">Auswahl der Antworten bei Umfragen<\/span><\/em><\/li>\n<li><em><span style=\"font-size: 10pt;\">Durchschnittliches Interesse (Errechnung \u00fcber eine LogMeIn-eigene Formel)<\/span><\/em><\/li>\n<\/ul>\n<p><em><span style=\"font-size: 10pt;\">Die Bild- und Ton\u00fcbertragung im Webinar wird aufgezeichnet und von LogMeIn zum Download bereitgestellt. Das EMR stellt die Aufzeichnung dieser Online-Seminare im Rahmen dieser Webseite sp\u00e4ter als Video zur Verf\u00fcgung. Dabei werden allerdings keine Daten von Teilnehmern ver\u00f6ffentlicht oder innerhalb des Videos sichtbar gemacht. Hierauf werden wir im Rahmen der betreffenden Online-Seminare nochmals gesondert hinweisen.<\/span><\/em><\/div><\/div>\n","protected":false},"excerpt":{"rendered":"<p>&nbsp; Am 13. Oktober 2020 hat das Bundesministerium der Justiz und f\u00fcr Verbraucherschutz (BMJV) den \u2013 noch nicht mit den \u00fcbrigen Ressorts abgestimmten \u2013 Referentenentwurf eines Gesetzes zur Anpassung des Urheberrechts an die Erfordernisse des digitalen Binnenmarktes vorgelegt. Der Gesetzesentwurf dient der Umsetzung der Richtlinie (EU) 2019\/790 vom 17. April 2019 \u00fcber das Urheberrecht und [&hellip;]<\/p>\n","protected":false},"author":4,"featured_media":3967,"comment_status":"closed","ping_status":"closed","sticky":false,"template":"","format":"standard","meta":{"_et_pb_use_builder":"","_et_pb_old_content":"","_et_gb_content_width":"","footnotes":""},"categories":[3,1,25],"tags":[375,374],"class_list":["post-5397","post","type-post","status-publish","format-standard","has-post-thumbnail","hentry","category-aktuelle-meldung","category-aktuelles","category-urheberrecht","tag-dsm-richtlinie","tag-urheberrechtsreform","et-has-post-format-content","et_post_format-et-post-format-standard"],"translation":{"provider":"WPGlobus","version":"3.0.2","language":"gb","enabled_languages":["de","fr","gb"],"languages":{"de":{"title":true,"content":true,"excerpt":false},"fr":{"title":false,"content":false,"excerpt":false},"gb":{"title":false,"content":false,"excerpt":false}}},"_links":{"self":[{"href":"https:\/\/emr-sb.de\/gb\/wp-json\/wp\/v2\/posts\/5397","targetHints":{"allow":["GET"]}}],"collection":[{"href":"https:\/\/emr-sb.de\/gb\/wp-json\/wp\/v2\/posts"}],"about":[{"href":"https:\/\/emr-sb.de\/gb\/wp-json\/wp\/v2\/types\/post"}],"author":[{"embeddable":true,"href":"https:\/\/emr-sb.de\/gb\/wp-json\/wp\/v2\/users\/4"}],"replies":[{"embeddable":true,"href":"https:\/\/emr-sb.de\/gb\/wp-json\/wp\/v2\/comments?post=5397"}],"version-history":[{"count":21,"href":"https:\/\/emr-sb.de\/gb\/wp-json\/wp\/v2\/posts\/5397\/revisions"}],"predecessor-version":[{"id":5509,"href":"https:\/\/emr-sb.de\/gb\/wp-json\/wp\/v2\/posts\/5397\/revisions\/5509"}],"wp:featuredmedia":[{"embeddable":true,"href":"https:\/\/emr-sb.de\/gb\/wp-json\/wp\/v2\/media\/3967"}],"wp:attachment":[{"href":"https:\/\/emr-sb.de\/gb\/wp-json\/wp\/v2\/media?parent=5397"}],"wp:term":[{"taxonomy":"category","embeddable":true,"href":"https:\/\/emr-sb.de\/gb\/wp-json\/wp\/v2\/categories?post=5397"},{"taxonomy":"post_tag","embeddable":true,"href":"https:\/\/emr-sb.de\/gb\/wp-json\/wp\/v2\/tags?post=5397"}],"curies":[{"name":"wp","href":"https:\/\/api.w.org\/{rel}","templated":true}]}}