{"id":5976,"date":"2022-01-07T10:25:19","date_gmt":"2022-01-07T09:25:19","guid":{"rendered":"https:\/\/emr-sb.de\/?p=5976"},"modified":"2022-01-20T13:41:04","modified_gmt":"2022-01-20T12:41:04","slug":"webinare2022","status":"publish","type":"post","link":"https:\/\/emr-sb.de\/gb\/webinare2022\/","title":{"rendered":"EMR-Webinarreihe zum Jahresbeginn 2022"},"content":{"rendered":"<p>2022 wird aus der Perspektive von Medienpolitik, -recht, und -branche ein spannendes Jahr werden &#8211; so viel ist bereits jetzt klar. Vor allem im Bereich der mehr und mehr vorangetriebenen Digitalregulierung ist vieles in Bewegung und vieles noch nicht klar abzusehen.<\/p>\n<p>Auf EU-Ebene soll das neue Jahr insbesondere mit den Trilogverhandlungen zum Digital Services Act (DSA) und Digital Markets (Act) starten, die ma\u00dfgeblich \u00fcber eine zuk\u00fcnftige digitale Grundordnung in Europa bestimmen werden.\u00a0 Auch der Mediensektor sollte dabei einen genauen Blick auf die anstehenden Verhandlungen werfen, betreffen die vorgeschlagenen Regeln zur Regulierung von Intermedi\u00e4ren doch insbesondere Online-Verbreitungswege f\u00fcr (mediale) Inhalte und Wettbewerbsbedingungen im Zuschauer- und Werbemarkt. Die Themen, die dabei im Detail angesprochen werden, sind so vielf\u00e4ltig wie der Online-Sektor selbst &#8211; es geht um den k\u00fcnftigen Umgang mit illegalen Online-Inhalten, um Transparenz auf Plattformen, personalisierte Werbung und die Macht \u00fcber Daten, fairen Zugang, offene Schnittstellen und vieles mehr. Weitere Initiativen befinden sich noch im K\u00f6cher der Europ\u00e4ischen Kommission: Was den Mediensektor im Rahmen des European Democracy Action Plan, des Media and Audiovisual Action Plan oder dem angek\u00fcndigten European Media Freedom Act erwartet, ist (noch) nicht (v\u00f6llig) abzusehen. Aber auch die nationalen Regulierungsr\u00e4der stehen nicht still. Die j\u00fcngsten Reformen insbesondere im Bereich des Medien- und Urheberrechts m\u00fcssen sich nun in der Umsetzung beweisen und es gilt praxistaugliche L\u00f6sungen f\u00fcr die gesetzgeberischen Intentionen zu finden. Hinzukommen Bedrohungslagen aus dem Online-Umfeld, zu denen in der aktuellen Diskussion vor allem im Kontext des Jugendmedienschutzes und des Schutzes der \u00f6ffentlichen Sicherheit nach geeigneten Gegenma\u00dfnahmen gesucht wird. Ob die vorhandenen Mittel hierf\u00fcr ausreichen ist Kern der Debatte.\u00a0<\/p>\n<p>Vor diesem Hintergrund startet das EMR mit einer Reihe von Webinaren in das neue Jahr, die sich dieser Vielfalt an Themen widmen will. Experten aus verschiedenen Bereichen nehmen dabei aktuelle Diskussionen und deren rechtlichen Bezugspunkte unter die Lupe. Dabei soll es vor allem darum gehen, Praxis und Regulierung unter einen Hut zu bringen, potentielle Schr\u00e4glagen aufzuzeigen.\u00a0<\/p>\n<p>Die Reihe startet am 18. Januar 2022 mit einem Round-up zum bevorstehenden Trilogverfahren zum DMA von Prof. Dr. Mark D. Cole. Weitere Webinare sind bis Ende M\u00e4rz anvisiert. Auf dieser Seite finden Sie den jeweils aktuellen Planungsstand mit Verweisen zu den jeweiligen einzelnen Veranstaltungen.\u00a0<\/p>\n<p>&nbsp;<\/p>\n<p style=\"text-align: center;\"><strong>DMA vor dem Trilog \u2013 wo stehen wir, wie geht es weiter?<\/strong><br \/>\nProf. Dr. Mark D. Cole, wissenschaftlicher Direktor des EMR<\/p>\n<p style=\"text-align: center;\">Dienstag, 18. Januar 2022, 12:00 bis 13:30 Uhr\u00a0<\/p>\n<p style=\"text-align: center;\"><span style=\"color: #008000;\"><a style=\"color: #008000;\" href=\"https:\/\/emr-sb.de\/events\/dma-vor-dem-trilog\/\">Weitere Informationen<\/a><\/span><\/p>\n<p style=\"text-align: center;\"><span style=\"color: #3366ff;\"><a style=\"color: #3366ff;\" href=\"https:\/\/attendee.gotowebinar.com\/register\/3623486069176053519\"><strong>Direkt zur Anmeldung<\/strong><\/a><\/span><\/p>\n<p>&nbsp;<\/p>\n<p style=\"text-align: center;\"><strong>Zahlen mit Daten <\/strong><strong>&#8211; Analyse der neuen \u00a7\u00a7 327 ff BGB mit Bezug zu DSGVO und TTDSG<br \/>\n<\/strong>Kristin Benedikt, <em>Datenschutzbeauftragte und Richterin am Verwaltungsgericht, Mitglied des Vorstandes des EMR<br \/>\n<\/em>und<em><br \/>\n<\/em>Prof. Dr. Christiane Wendehorst, LL.M. (Cantab.), <em>Professorin f\u00fcr Zivilrecht an der Universit\u00e4t Wien, Stellvertretende Institutsvorst\u00e4ndin am Institut f\u00fcr Digitalisierung und Recht und Scientific Director des European Law Institute<\/em><\/p>\n<p style=\"text-align: center;\">Montag, 14. Februar 2022, 16:30 bis 18:30 Uhr\u00a0<\/p>\n<p style=\"text-align: center;\"><span style=\"color: #008000;\"><a style=\"color: #008000;\" href=\"https:\/\/emr-sb.de\/events\/zahlen-mit-daten\/\">Weitere Informationen\u00a0<\/a><\/span><\/p>\n<p style=\"text-align: center;\"><span style=\"color: #3366ff;\"><a style=\"color: #3366ff;\" href=\"https:\/\/attendee.gotowebinar.com\/register\/1235266549297835533\"><strong>Direkt zur Anmeldung<\/strong><\/a>\u00a0<\/span><\/p>\n<p>&nbsp;<\/p>\n<p style=\"text-align: center;\"><strong>DSA vor dem Trilog \u2013 wo stehen wir, wie geht es weiter?<\/strong><br \/>\nProf. Dr. Mark D. Cole, wissenschaftlicher Direktor des EMR<\/p>\n<p style=\"text-align: center;\">Montag, 21. Februar 2022, 12:00 bis 13:30 Uhr\u00a0<\/p>\n<p style=\"text-align: center;\"><span style=\"color: #008000;\"><a style=\"color: #008000;\" href=\"https:\/\/emr-sb.de\/events\/dsa-vor-dem-trilog-wo-stehen-wir-wie-geht-es-weiter\/\">Weitere Informationen<\/a><\/span><\/p>\n<p style=\"text-align: center;\"><span style=\"color: #3366ff;\"><a style=\"color: #3366ff;\" href=\"https:\/\/attendee.gotowebinar.com\/register\/6281836904301371406\"><strong>Direkt zur Anmeldung<\/strong><\/a>\u00a0<\/span><\/p>\n","protected":false},"excerpt":{"rendered":"<p>2022 wird aus der Perspektive von Medienpolitik, -recht, und -branche ein spannendes Jahr werden &#8211; so viel ist bereits jetzt klar. Vor allem im Bereich der mehr und mehr vorangetriebenen Digitalregulierung ist vieles in Bewegung und vieles noch nicht klar abzusehen. Auf EU-Ebene soll das neue Jahr insbesondere mit den Trilogverhandlungen zum Digital Services Act [&hellip;]<\/p>\n","protected":false},"author":4,"featured_media":5598,"comment_status":"closed","ping_status":"closed","sticky":false,"template":"","format":"standard","meta":{"_et_pb_use_builder":"","_et_pb_old_content":"","_et_gb_content_width":"","footnotes":""},"categories":[3,1,24,23,28,215,219,218,220,27,221,25,30,223],"tags":[],"class_list":["post-5976","post","type-post","status-publish","format-standard","has-post-thumbnail","hentry","category-aktuelle-meldung","category-aktuelles","category-av-mediendienste","category-datenschutz","category-e-commerce","category-jugendmedienschutz","category-kommerzielle-kommunikation","category-presserecht","category-rundfunkrecht","category-telekommunikation","category-telemedienrecht","category-urheberrecht","category-werberecht","category-wettbewerbs-und-kartellrecht","et-has-post-format-content","et_post_format-et-post-format-standard"],"translation":{"provider":"WPGlobus","version":"3.0.2","language":"gb","enabled_languages":["de","fr","gb"],"languages":{"de":{"title":true,"content":true,"excerpt":false},"fr":{"title":false,"content":false,"excerpt":false},"gb":{"title":false,"content":false,"excerpt":false}}},"_links":{"self":[{"href":"https:\/\/emr-sb.de\/gb\/wp-json\/wp\/v2\/posts\/5976","targetHints":{"allow":["GET"]}}],"collection":[{"href":"https:\/\/emr-sb.de\/gb\/wp-json\/wp\/v2\/posts"}],"about":[{"href":"https:\/\/emr-sb.de\/gb\/wp-json\/wp\/v2\/types\/post"}],"author":[{"embeddable":true,"href":"https:\/\/emr-sb.de\/gb\/wp-json\/wp\/v2\/users\/4"}],"replies":[{"embeddable":true,"href":"https:\/\/emr-sb.de\/gb\/wp-json\/wp\/v2\/comments?post=5976"}],"version-history":[{"count":14,"href":"https:\/\/emr-sb.de\/gb\/wp-json\/wp\/v2\/posts\/5976\/revisions"}],"predecessor-version":[{"id":6058,"href":"https:\/\/emr-sb.de\/gb\/wp-json\/wp\/v2\/posts\/5976\/revisions\/6058"}],"wp:featuredmedia":[{"embeddable":true,"href":"https:\/\/emr-sb.de\/gb\/wp-json\/wp\/v2\/media\/5598"}],"wp:attachment":[{"href":"https:\/\/emr-sb.de\/gb\/wp-json\/wp\/v2\/media?parent=5976"}],"wp:term":[{"taxonomy":"category","embeddable":true,"href":"https:\/\/emr-sb.de\/gb\/wp-json\/wp\/v2\/categories?post=5976"},{"taxonomy":"post_tag","embeddable":true,"href":"https:\/\/emr-sb.de\/gb\/wp-json\/wp\/v2\/tags?post=5976"}],"curies":[{"name":"wp","href":"https:\/\/api.w.org\/{rel}","templated":true}]}}