{"id":6241,"date":"2022-03-31T15:20:48","date_gmt":"2022-03-31T13:20:48","guid":{"rendered":"https:\/\/emr-sb.de\/?p=6241"},"modified":"2022-09-29T13:59:22","modified_gmt":"2022-09-29T11:59:22","slug":"iris-spezial-zu-transparenz-von-medieneigentum-veroeffentlicht","status":"publish","type":"post","link":"https:\/\/emr-sb.de\/gb\/iris-spezial-zu-transparenz-von-medieneigentum-veroeffentlicht\/","title":{"rendered":"IRIS Spezial zu Transparenz von Medieneigentum ver\u00f6ffentlicht"},"content":{"rendered":"<p>Massenmedien wird in der Regel eine W\u00e4chterfunktion zugeschrieben. Das hei\u00dft, sie recherchieren, \u00fcberpr\u00fcfen Fakten, hinterfragen Zusammenh\u00e4nge, um anschlie\u00dfend gesicherte Informationen zu ver\u00f6ffentlichen, die die Reichen und M\u00e4chtigen zur Rechenschaft ziehen. Dar\u00fcber hinaus haben Massenmedien, um es mit den Worten von John Reith zu sagen, dem General Manager der BBC von 1922 bis 1939, auch eine Erziehungsfunktion, und au\u00dferdem sollen sie die Menschen auch noch unterhalten. All das sind unverzichtbare Funktionen in unserer heutigen \u201ebildschirmbesessenen\u201c Gesellschaft.<\/p>\n<p>Aber wer \u00fcberwacht die W\u00e4chter? Das ist eine Frage, die sich bereits der r\u00f6mische Dichter Juvenal in seinen Satiren gestellt hat und die inzwischen zu einem gefl\u00fcgelten Wort geworden ist- quis custodiet ipsos custodes. Oder anders gesagt: Wer h\u00e4lt die Medien davon ab, ihre Macht zu missbrauchen? Die Antwort auf diese Frage k\u00f6nnte sein: die Zivilgesellschaft, Regulierungsbeh\u00f6rden und in letzter Instanz die Gerichte. Allerdings ist es ein wenig schwierig, die W\u00e4chter zu \u00fcberwachen, wenn man gar nicht wei\u00df, wer die W\u00e4chter sind. Wer sind die Personen, nat\u00fcrliche oder juristische, die hinter den Medien stehen? Wer entscheidet wirklich \u00fcber die redaktionelle Linie einer Zeitung? Wenn wir davon \u00fcberzeugt sind, dass ein ungesundes Niveau an Medienkonzentration eine Gefahr f\u00fcr die Demokratie und die Freiheit der Meinungs\u00e4u\u00dferung ist, dann ist Transparenz von Medieneigentum unverzichtbar f\u00fcr unsere Gesellschaften.<\/p>\n<p>Diese Ver\u00f6ffentlichung befasst sich vor allem mit der Frage, wie Transparenz von Medieneigentum in Europa geregelt wird. Nach einer kurzen Einf\u00fchrung in das Thema bieten die Kapitel 2 und 3 einen \u00dcberblick \u00fcber Transparenzvorschriften auf der Grundlage des EU-Prim\u00e4r- und \u2013Sekund\u00e4rrechts. In Kapitel 4 geht es um Transparenzinitiativen des Europarats und der Zivilgesellschaft. Kapitel 5 enth\u00e4lt eine Reihe von L\u00e4nderberichten, die als Beispiel dienen, und Kapitel 6 bietet eine vergleichende Analyse. Den Abschluss bilden einige Schlussbemerkungen.<\/p>\n<p>Die Publikation ist in deutscher Sprache abrufbar unter:<\/p>\n<p><a href=\"https:\/\/rm.coe.int\/iris-special-2021-02de-transparenz-von-medieneigentum\/1680a57bef\">https:\/\/rm.coe.int\/iris-special-2021-02de-transparenz-von-medieneigentum\/1680a57bef<\/a><\/p>\n","protected":false},"excerpt":{"rendered":"<p>Massenmedien wird in der Regel eine W\u00e4chterfunktion zugeschrieben. Das hei\u00dft, sie recherchieren, \u00fcberpr\u00fcfen Fakten, hinterfragen Zusammenh\u00e4nge, um anschlie\u00dfend gesicherte Informationen zu ver\u00f6ffentlichen, die die Reichen und M\u00e4chtigen zur Rechenschaft ziehen. Dar\u00fcber hinaus haben Massenmedien, um es mit den Worten von John Reith zu sagen, dem General Manager der BBC von 1922 bis 1939, auch eine [&hellip;]<\/p>\n","protected":false},"author":1,"featured_media":6242,"comment_status":"closed","ping_status":"closed","sticky":false,"template":"","format":"standard","meta":{"_et_pb_use_builder":"","_et_pb_old_content":"","_et_gb_content_width":"","footnotes":""},"categories":[3,1,24,388,356],"tags":[],"class_list":["post-6241","post","type-post","status-publish","format-standard","has-post-thumbnail","hentry","category-aktuelle-meldung","category-aktuelles","category-av-mediendienste","category-iris","category-juengste-veroeffentlichungen","et-has-post-format-content","et_post_format-et-post-format-standard"],"translation":{"provider":"WPGlobus","version":"3.0.2","language":"gb","enabled_languages":["de","fr","gb"],"languages":{"de":{"title":true,"content":true,"excerpt":false},"fr":{"title":false,"content":false,"excerpt":false},"gb":{"title":false,"content":false,"excerpt":false}}},"_links":{"self":[{"href":"https:\/\/emr-sb.de\/gb\/wp-json\/wp\/v2\/posts\/6241","targetHints":{"allow":["GET"]}}],"collection":[{"href":"https:\/\/emr-sb.de\/gb\/wp-json\/wp\/v2\/posts"}],"about":[{"href":"https:\/\/emr-sb.de\/gb\/wp-json\/wp\/v2\/types\/post"}],"author":[{"embeddable":true,"href":"https:\/\/emr-sb.de\/gb\/wp-json\/wp\/v2\/users\/1"}],"replies":[{"embeddable":true,"href":"https:\/\/emr-sb.de\/gb\/wp-json\/wp\/v2\/comments?post=6241"}],"version-history":[{"count":2,"href":"https:\/\/emr-sb.de\/gb\/wp-json\/wp\/v2\/posts\/6241\/revisions"}],"predecessor-version":[{"id":6561,"href":"https:\/\/emr-sb.de\/gb\/wp-json\/wp\/v2\/posts\/6241\/revisions\/6561"}],"wp:featuredmedia":[{"embeddable":true,"href":"https:\/\/emr-sb.de\/gb\/wp-json\/wp\/v2\/media\/6242"}],"wp:attachment":[{"href":"https:\/\/emr-sb.de\/gb\/wp-json\/wp\/v2\/media?parent=6241"}],"wp:term":[{"taxonomy":"category","embeddable":true,"href":"https:\/\/emr-sb.de\/gb\/wp-json\/wp\/v2\/categories?post=6241"},{"taxonomy":"post_tag","embeddable":true,"href":"https:\/\/emr-sb.de\/gb\/wp-json\/wp\/v2\/tags?post=6241"}],"curies":[{"name":"wp","href":"https:\/\/api.w.org\/{rel}","templated":true}]}}